{"id":721721,"date":"2026-01-16T02:26:11","date_gmt":"2026-01-16T02:26:11","guid":{"rendered":"https:\/\/www.europesays.com\/de\/721721\/"},"modified":"2026-01-16T02:26:11","modified_gmt":"2026-01-16T02:26:11","slug":"bochum-verpflichtet-mittelfeldspieler-sobottka-nrw","status":"publish","type":"post","link":"https:\/\/www.europesays.com\/de\/721721\/","title":{"rendered":"Bochum verpflichtet Mittelfeldspieler Sobottka | NRW"},"content":{"rendered":"<p>Der VfL Bochum verst\u00e4rkt sich mit Marcel Sobottka. Trainer R\u00f6sler setzt auf seine Erfahrung \u2013 und sieht noch Nachholbedarf nach l\u00e4ngerer Pause.<\/p>\n<p id=\"absatz1\" class=\"em_text\">Fu\u00dfball-Zweitligist VfL Bochum hat den vereinslosen Marcel Sobottka bis zum Saisonende verpflichtet. Der 31 Jahre alte Mittelfeldspieler hatte zuletzt f\u00fcr Fortuna D\u00fcsseldorf gespielt. Im Sommer war sein Vertrag nach zehn Jahren bei den Rheinl\u00e4ndern ausgelaufen.<\/p>\n<p id=\"absatz2\" class=\"em_text\">VfL-Cheftrainer Uwe R\u00f6sler hatte bereits in D\u00fcsseldorf mit Sobottka zusammengearbeitet. \u00abDort habe ich seine F\u00e4higkeiten, auch in Sachen Leadership, gesch\u00e4tzt. Seine fu\u00dfballerischen Qualit\u00e4ten stehen au\u00dfer Frage, jetzt geht es f\u00fcr ihn nach der l\u00e4ngeren Pause darum, wieder in den Belastungsrhythmus zu kommen\u00bb, sagte der VfL-Coach.<\/p>\n","protected":false},"excerpt":{"rendered":"Der VfL Bochum verst\u00e4rkt sich mit Marcel Sobottka. Trainer R\u00f6sler setzt auf seine Erfahrung \u2013 und sieht noch&hellip;\n","protected":false},"author":2,"featured_media":721722,"comment_status":"","ping_status":"","sticky":false,"template":"","format":"standard","meta":{"footnotes":"","_share_on_mastodon":"0"},"categories":[1839],"tags":[7507,8406,3364,29,8400,8401,30,159611,1209,127104,8173],"class_list":["post-721721","post","type-post","status-publish","format-standard","has-post-thumbnail","category-bochum","tag-bochum","tag-dsseldorf","tag-de","tag-deutschland","tag-fortuna-dsseldorf","tag-fuball-bundesliga","tag-germany","tag-marcel-sobottka","tag-nordrhein-westfalen","tag-uwe-rsler","tag-vfl-bochum"],"share_on_mastodon":{"url":"https:\/\/pubeurope.com\/@de\/115902413801714228","error":""},"_links":{"self":[{"href":"https:\/\/www.europesays.com\/de\/wp-json\/wp\/v2\/posts\/721721","targetHints":{"allow":["GET"]}}],"collection":[{"href":"https:\/\/www.europesays.com\/de\/wp-json\/wp\/v2\/posts"}],"about":[{"href":"https:\/\/www.europesays.com\/de\/wp-json\/wp\/v2\/types\/post"}],"author":[{"embeddable":true,"href":"https:\/\/www.europesays.com\/de\/wp-json\/wp\/v2\/users\/2"}],"replies":[{"embeddable":true,"href":"https:\/\/www.europesays.com\/de\/wp-json\/wp\/v2\/comments?post=721721"}],"version-history":[{"count":0,"href":"https:\/\/www.europesays.com\/de\/wp-json\/wp\/v2\/posts\/721721\/revisions"}],"wp:featuredmedia":[{"embeddable":true,"href":"https:\/\/www.europesays.com\/de\/wp-json\/wp\/v2\/media\/721722"}],"wp:attachment":[{"href":"https:\/\/www.europesays.com\/de\/wp-json\/wp\/v2\/media?parent=721721"}],"wp:term":[{"taxonomy":"category","embeddable":true,"href":"https:\/\/www.europesays.com\/de\/wp-json\/wp\/v2\/categories?post=721721"},{"taxonomy":"post_tag","embeddable":true,"href":"https:\/\/www.europesays.com\/de\/wp-json\/wp\/v2\/tags?post=721721"}],"curies":[{"name":"wp","href":"https:\/\/api.w.org\/{rel}","templated":true}]}}