{"id":721799,"date":"2026-01-16T03:09:32","date_gmt":"2026-01-16T03:09:32","guid":{"rendered":"https:\/\/www.europesays.com\/de\/721799\/"},"modified":"2026-01-16T03:09:32","modified_gmt":"2026-01-16T03:09:32","slug":"berliner-bewerten-krisenmanagement-des-senats-negativ","status":"publish","type":"post","link":"https:\/\/www.europesays.com\/de\/721799\/","title":{"rendered":"Berliner bewerten Krisenmanagement des Senats negativ"},"content":{"rendered":"<p>Besonders negativ wird dabei das Agieren des Regierenden B\u00fcrgermeisters Kai Wegner (CDU) in der Krise bewertet.<\/p>\n<p>Nur ein Viertel der Befragten fand dessen Krisenmanagement &#8222;sehr gut&#8220; oder &#8222;gut&#8220;, 66 Prozent hingegen werteten es als &#8222;weniger gut&#8220; oder &#8222;schlecht&#8220;.<\/p>\n<p>W\u00e4hrend sich die Ansichten, ob Wegners Krisenmanagement nun gut oder schlecht war, bei CDU- und SPD-Anh\u00e4ngern noch in etwa die Waage h\u00e4lt, ist die Meinung bei Gr\u00fcnen-, Linken- und auch AfD-Anh\u00e4ngern klar ablehnend.<\/p>\n","protected":false},"excerpt":{"rendered":"Besonders negativ wird dabei das Agieren des Regierenden B\u00fcrgermeisters Kai Wegner (CDU) in der Krise bewertet. Nur ein&hellip;\n","protected":false},"author":2,"featured_media":721800,"comment_status":"","ping_status":"","sticky":false,"template":"","format":"standard","meta":{"footnotes":"","_share_on_mastodon":"0"},"categories":[1825],"tags":[296,29,30,141515],"class_list":["post-721799","post","type-post","status-publish","format-standard","has-post-thumbnail","category-berlin","tag-berlin","tag-deutschland","tag-germany","tag-rbb24berlin-trend"],"share_on_mastodon":{"url":"https:\/\/pubeurope.com\/@de\/115902583013946035","error":""},"_links":{"self":[{"href":"https:\/\/www.europesays.com\/de\/wp-json\/wp\/v2\/posts\/721799","targetHints":{"allow":["GET"]}}],"collection":[{"href":"https:\/\/www.europesays.com\/de\/wp-json\/wp\/v2\/posts"}],"about":[{"href":"https:\/\/www.europesays.com\/de\/wp-json\/wp\/v2\/types\/post"}],"author":[{"embeddable":true,"href":"https:\/\/www.europesays.com\/de\/wp-json\/wp\/v2\/users\/2"}],"replies":[{"embeddable":true,"href":"https:\/\/www.europesays.com\/de\/wp-json\/wp\/v2\/comments?post=721799"}],"version-history":[{"count":0,"href":"https:\/\/www.europesays.com\/de\/wp-json\/wp\/v2\/posts\/721799\/revisions"}],"wp:featuredmedia":[{"embeddable":true,"href":"https:\/\/www.europesays.com\/de\/wp-json\/wp\/v2\/media\/721800"}],"wp:attachment":[{"href":"https:\/\/www.europesays.com\/de\/wp-json\/wp\/v2\/media?parent=721799"}],"wp:term":[{"taxonomy":"category","embeddable":true,"href":"https:\/\/www.europesays.com\/de\/wp-json\/wp\/v2\/categories?post=721799"},{"taxonomy":"post_tag","embeddable":true,"href":"https:\/\/www.europesays.com\/de\/wp-json\/wp\/v2\/tags?post=721799"}],"curies":[{"name":"wp","href":"https:\/\/api.w.org\/{rel}","templated":true}]}}