{"id":722634,"date":"2026-01-16T11:05:13","date_gmt":"2026-01-16T11:05:13","guid":{"rendered":"https:\/\/www.europesays.com\/de\/722634\/"},"modified":"2026-01-16T11:05:13","modified_gmt":"2026-01-16T11:05:13","slug":"duesseldorf-verkehrskontrollen-mit-fokus-auf-alkohol-und-drogenmissbrauch","status":"publish","type":"post","link":"https:\/\/www.europesays.com\/de\/722634\/","title":{"rendered":"D\u00fcsseldorf: Verkehrskontrollen mit Fokus auf Alkohol- und Drogenmissbrauch"},"content":{"rendered":"<p><b>Die Polizei D\u00fcsseldorf f\u00fchrte in Lierenfeld gezielte Verkehrskontrollen mit Fokus auf Alkohol- und Drogenmissbrauch durch. Dabei wurden zahlreiche Verst\u00f6\u00dfe festgestellt, darunter Straftaten, Ordnungswidrigkeiten und technische M\u00e4ngel an Fahrzeugen.<\/b><\/p>\n<p>Verkehrskontrollen in D\u00fcsseldorf-Lierenfeld am 15. Januar<\/p>\n<p>Am Donnerstag, den 15. Januar, f\u00fchrte die Polizei D\u00fcsseldorf in Lierenfeld Verkehrskontrollen durch. Der Einsatz fand zwischen 11 Uhr und 15.30 Uhr statt und hatte den Schwerpunkt auf Alkohol- und Drogenmissbrauch im Stra\u00dfenverkehr. Unterst\u00fctzt wurden die Beamten von Teilnehmern eines Fortbildungsseminars zum Thema \u201eDrogen im Stra\u00dfenverkehr\u201c.<\/p>\n<p>Ergebnisse der Kontrollen<\/p>\n<p>Im Rahmen der Kontrollen wurden insgesamt 89 Fahrzeuge und 105 Personen \u00fcberpr\u00fcft. Dabei registrierten die Einsatzkr\u00e4fte sieben Straftaten und 45 Ordnungswidrigkeiten. Zu den festgestellten Verst\u00f6\u00dfen z\u00e4hlten unter anderem das Fahren ohne Fahrerlaubnis, Verst\u00f6\u00dfe gegen die Ladungssicherung sowie die Nutzung von Mobiltelefonen am Steuer. Elf Fahrzeugf\u00fchrer standen offenbar unter dem Einfluss von Bet\u00e4ubungsmitteln, weshalb ihnen Blutproben entnommen wurden.<\/p>\n<p>Weitere Feststellungen<\/p>\n<p>Die Beamten stellten ein verbotenes Springmesser sicher, das ein Verkehrsteilnehmer mit sich f\u00fchrte. Gegen ihn wurde eine Strafanzeige wegen Versto\u00dfes gegen das Waffengesetz gefertigt. Zudem wurden drei Fahrzeuge aufgrund technischer M\u00e4ngel oder unzul\u00e4ssiger Ver\u00e4nderungen zur Erstellung eines Gutachtens sichergestellt. Ein weiteres Fahrzeug war ohne g\u00fcltigen Versicherungsschutz unterwegs.<\/p>\n<p>Regelm\u00e4\u00dfige Kontrollen zur Erh\u00f6hung der Verkehrssicherheit<\/p>\n<p>Die Polizei D\u00fcsseldorf f\u00fchrt regelm\u00e4\u00dfig Schwerpunktkontrollen durch, um die Sicherheit im Stra\u00dfenverkehr zu erh\u00f6hen und Verst\u00f6\u00dfe konsequent zu ahnden.<\/p>\n<p>Dieser Beitrag stammt von presseportal.de und wurde mit Hilfe von KI erstellt.<\/p>\n<p>                                                                            <img class=\"imagecontainer\" decoding=\"auto\" data-aspect-ratio=\"0.6675\" src=\"https:\/\/www.europesays.com\/de\/wp-content\/uploads\/2026\/01\/13973907_L.webp.webp\" style=\"object-position: 50% 50%;\" data-object-position=\"50% 50%\"\/><\/p>\n<p>                                                                            <img class=\"imagecontainer\" decoding=\"auto\" data-aspect-ratio=\"0.666666667\" src=\"https:\/\/www.europesays.com\/de\/wp-content\/uploads\/2026\/01\/13973877_L.webp.webp\" style=\"object-position: 50% 50%;\" data-object-position=\"50% 50%\"\/><\/p>\n<p>                <a id=\"like-anchor\"\/><\/p>\n<p>                    Dieser Inhalt gef\u00e4llt Ihnen?<\/p>\n<p>Melden Sie sich an, um diesen Inhalt mit \u00abGef\u00e4llt mir\u00bb zu markieren.<\/p>\n<p>            \u00d7<\/p>\n<p>        <a href=\"#\" data-trigger-click-on-space-or-enter=\"\" class=\"button ggm-like-button hollow\" title=\"Gef\u00e4llt mir\" data-open=\"like-conversion-696a1b6538e34\"><\/p>\n<p>        <\/a><\/p>\n<p>\n        Gef\u00e4llt <strong>0<\/strong> mal<br \/>\n        0\n    <\/p>\n<p>            <a href=\"https:\/\/www.lokalkompass.de\/essen\/profile-485436\/lokalkompass-blaulicht\" class=\"stop-click-event-propagation\" target=\"_blank\" rel=\"noopener\">    <\/p>\n<p>                                                                            <img class=\"imagecontainer\" decoding=\"auto\" data-aspect-ratio=\"1\" src=\"https:\/\/media04.lokalkompass.de\/user\/2025\/09\/24\/4\/117244_L.webp?1758724678\" style=\"object-position: 43% 47%;\" data-object-position=\"43% 47%\" bad-src=\"data:image\/gif;base64,R0lGODlhAQABAIAAAAAAAP\/\/\/yH5BAEAAAAALAAAAAABAAEAAAIBRAA7\"\/><\/p>\n<p>        <\/a><\/p>\n<p>                    Sie m\u00f6chten diesem Profil folgen?<\/p>\n<p>Verpassen Sie nicht die neuesten Inhalte von diesem Profil: Melden Sie sich an, um neuen Inhalten von Profilen und Orten in Ihrem <strong>pers\u00f6nlichen Feed<\/strong> zu folgen.<\/p>\n<p>            \u00d7<\/p>\n<p>\n            <strong>13<\/strong> folgen diesem Profil\n        <\/p>\n","protected":false},"excerpt":{"rendered":"Die Polizei D\u00fcsseldorf f\u00fchrte in Lierenfeld gezielte Verkehrskontrollen mit Fokus auf Alkohol- und Drogenmissbrauch durch. Dabei wurden zahlreiche&hellip;\n","protected":false},"author":2,"featured_media":722635,"comment_status":"","ping_status":"","sticky":false,"template":"","format":"standard","meta":{"footnotes":""},"categories":[1831],"tags":[3364,29,3405,30,1209],"class_list":{"0":"post-722634","1":"post","2":"type-post","3":"status-publish","4":"format-standard","5":"has-post-thumbnail","7":"category-duesseldorf","8":"tag-de","9":"tag-deutschland","10":"tag-duesseldorf","11":"tag-germany","12":"tag-nordrhein-westfalen"},"share_on_mastodon":{"url":"https:\/\/pubeurope.com\/@de\/115904454757990765","error":""},"_links":{"self":[{"href":"https:\/\/www.europesays.com\/de\/wp-json\/wp\/v2\/posts\/722634","targetHints":{"allow":["GET"]}}],"collection":[{"href":"https:\/\/www.europesays.com\/de\/wp-json\/wp\/v2\/posts"}],"about":[{"href":"https:\/\/www.europesays.com\/de\/wp-json\/wp\/v2\/types\/post"}],"author":[{"embeddable":true,"href":"https:\/\/www.europesays.com\/de\/wp-json\/wp\/v2\/users\/2"}],"replies":[{"embeddable":true,"href":"https:\/\/www.europesays.com\/de\/wp-json\/wp\/v2\/comments?post=722634"}],"version-history":[{"count":0,"href":"https:\/\/www.europesays.com\/de\/wp-json\/wp\/v2\/posts\/722634\/revisions"}],"wp:featuredmedia":[{"embeddable":true,"href":"https:\/\/www.europesays.com\/de\/wp-json\/wp\/v2\/media\/722635"}],"wp:attachment":[{"href":"https:\/\/www.europesays.com\/de\/wp-json\/wp\/v2\/media?parent=722634"}],"wp:term":[{"taxonomy":"category","embeddable":true,"href":"https:\/\/www.europesays.com\/de\/wp-json\/wp\/v2\/categories?post=722634"},{"taxonomy":"post_tag","embeddable":true,"href":"https:\/\/www.europesays.com\/de\/wp-json\/wp\/v2\/tags?post=722634"}],"curies":[{"name":"wp","href":"https:\/\/api.w.org\/{rel}","templated":true}]}}