{"id":722778,"date":"2026-01-16T12:24:13","date_gmt":"2026-01-16T12:24:13","guid":{"rendered":"https:\/\/www.europesays.com\/de\/722778\/"},"modified":"2026-01-16T12:24:13","modified_gmt":"2026-01-16T12:24:13","slug":"schuesse-in-dortmunder-kiosk-mann-schwer-verletzt","status":"publish","type":"post","link":"https:\/\/www.europesays.com\/de\/722778\/","title":{"rendered":"Sch\u00fcsse in Dortmunder Kiosk &#8211; Mann schwer verletzt"},"content":{"rendered":"<p>Mordkommission <\/p>\n<p>Sch\u00fcsse in Dortmunder Kiosk &#8211; Mann schwer verletzt<\/p>\n<p>Aktualisiert am 16.01.2026 &#8211; 13:15 UhrLesedauer: 1 Min.<\/p>\n<p><a href=\"#focus-0\" class=\"transition-colors duration-200 block text-current relative\" data-sctrack=\"FocusGalleryImage.Reference\"><img fetchpriority=\"high\" data-testid=\"Opener.Image\" style=\"--lqipURL:url('https:\/\/images.t-online.de\/2026\/01\/YMSo5Qy-BvRq\/0x98:2048x1152\/fit-in\/150x0\/filters:blur(25)\/eine-mordkommission-ermittelt-nach-schuessen-in-einem-dortmunder-kiosk-symbolbild.jpg')\"   loading=\"eager\" src=\"https:\/\/www.europesays.com\/de\/wp-content\/uploads\/2026\/01\/eine-mordkommission-ermittelt-nach-schuessen-in-einem-dortmunder-kiosk-symbolbild.jpg\" alt=\"Blaulicht\" title=\"Blaulicht\" width=\"2048\" height=\"1152\" class=\"bg-[url:var(--lqipURL)] bg-cover bg-center flex h-full w-full max-w-full\" decoding=\"async\"\/><img style=\"--width:32;--height:32\" loading=\"lazy\" src=\"https:\/\/dortmund.t-online.de\/s\/paper\/_next\/static\/media\/zoom-in.f7dae02f.svg\" alt=\"Vergr\u00f6\u00dfern des Bildes\" title=\"Vergr\u00f6\u00dfern des Bildes\" class=\"block h-[calc(var(--height)_\/_16_*_1rem)] w-[calc(var(--width)_\/_16_*_1rem)] max-w-none absolute bottom-8 right-8 rounded-4 bg-snow p-8\" decoding=\"async\"\/><\/a><\/p>\n<p>Eine Mordkommission ermittelt nach Sch\u00fcssen in einem Dortmunder Kiosk. (Symbolbild) (Quelle: Julian Stratenschulte\/dpa\/dpa-bilder)<\/p>\n<p class=\"font-bold text-18 leading-17\">Ein Unbekannter schie\u00dft auf einen Mann hinter einem Tresen in einem Kiosk und fl\u00fcchtet. In Dortmund sind Ermittlungen angelaufen.<\/p>\n<p class=\"text-18 leading-17\">Ein Unbekannter hat zu sp\u00e4ter Stunde einen Kiosk in Dortmund betreten und mehrere Sch\u00fcsse auf den Bediensteten hinter dem Tresen abgegeben. Wie Polizei und Staatsanwaltschaft Dortmund berichteten, fl\u00fcchte der Mann danach zu Fu\u00df. Gegen ihn werde wegen eines versuchten T\u00f6tungsdelikts ermittelt. Das 31 Jahre alte Opfer kam schwer verletzt ins Krankenhaus, Lebensgefahr bestehe nicht.<\/p>\n<p class=\"text-18 leading-17\">Ob sich T\u00e4ter und Opfer kannten und was Hintergrund des Vorfalls am sp\u00e4ten Donnerstagabend sein k\u00f6nnte, blieb zun\u00e4chst offen. Man habe den 31-J\u00e4hrigen bereits befragt, er k\u00f6nne sich den Angriff auf ihn nicht erkl\u00e4ren, sagte ein Sprecher der Staatsanwaltschaft.<\/p>\n","protected":false},"excerpt":{"rendered":"Mordkommission Sch\u00fcsse in Dortmunder Kiosk &#8211; Mann schwer verletzt Aktualisiert am 16.01.2026 &#8211; 13:15 UhrLesedauer: 1 Min. Eine&hellip;\n","protected":false},"author":2,"featured_media":722779,"comment_status":"","ping_status":"","sticky":false,"template":"","format":"standard","meta":{"footnotes":"","_share_on_mastodon":"0"},"categories":[1833],"tags":[3364,29,217,30,4141,2290,1209,121,1997,82083],"class_list":["post-722778","post","type-post","status-publish","format-standard","has-post-thumbnail","category-dortmund","tag-de","tag-deutschland","tag-dortmund","tag-germany","tag-kiosk","tag-mordkommission","tag-nordrhein-westfalen","tag-polizei","tag-staatsanwaltschaft","tag-tresen"],"share_on_mastodon":{"url":"https:\/\/pubeurope.com\/@de\/115904765361028207","error":""},"_links":{"self":[{"href":"https:\/\/www.europesays.com\/de\/wp-json\/wp\/v2\/posts\/722778","targetHints":{"allow":["GET"]}}],"collection":[{"href":"https:\/\/www.europesays.com\/de\/wp-json\/wp\/v2\/posts"}],"about":[{"href":"https:\/\/www.europesays.com\/de\/wp-json\/wp\/v2\/types\/post"}],"author":[{"embeddable":true,"href":"https:\/\/www.europesays.com\/de\/wp-json\/wp\/v2\/users\/2"}],"replies":[{"embeddable":true,"href":"https:\/\/www.europesays.com\/de\/wp-json\/wp\/v2\/comments?post=722778"}],"version-history":[{"count":0,"href":"https:\/\/www.europesays.com\/de\/wp-json\/wp\/v2\/posts\/722778\/revisions"}],"wp:featuredmedia":[{"embeddable":true,"href":"https:\/\/www.europesays.com\/de\/wp-json\/wp\/v2\/media\/722779"}],"wp:attachment":[{"href":"https:\/\/www.europesays.com\/de\/wp-json\/wp\/v2\/media?parent=722778"}],"wp:term":[{"taxonomy":"category","embeddable":true,"href":"https:\/\/www.europesays.com\/de\/wp-json\/wp\/v2\/categories?post=722778"},{"taxonomy":"post_tag","embeddable":true,"href":"https:\/\/www.europesays.com\/de\/wp-json\/wp\/v2\/tags?post=722778"}],"curies":[{"name":"wp","href":"https:\/\/api.w.org\/{rel}","templated":true}]}}