{"id":723046,"date":"2026-01-16T14:50:12","date_gmt":"2026-01-16T14:50:12","guid":{"rendered":"https:\/\/www.europesays.com\/de\/723046\/"},"modified":"2026-01-16T14:50:12","modified_gmt":"2026-01-16T14:50:12","slug":"rueckversicherer-munich-re-will-ausschliesslich-ueber-fluktuation-stellen-in-deutschland-abbauen","status":"publish","type":"post","link":"https:\/\/www.europesays.com\/de\/723046\/","title":{"rendered":"R\u00fcckversicherer Munich Re will ausschlie\u00dflich \u00fcber Fluktuation Stellen in Deutschland abbauen"},"content":{"rendered":"<p class=\"is-first-paragraph\" data-external=\"Article.FirstParagraph\">Der M\u00fcnchener R\u00fcckversicherungskonzern Munich Re weist Berichte \u00fcber ein geplantes Personalabbauprogramm zur\u00fcck. \u201eIn der R\u00fcckversicherungsgruppe inklusive des Asset-Managements wird die nat\u00fcrliche Fluktuation genutzt, um frei werdende Stellen teilweise nicht oder an anderen Standorten nachzubesetzen\u201c, teilte das Unternehmen WELT AM SONNTAG mit. <\/p>\n<p>Der Konzern verwies dabei auf Standorte in Polen und Indien. \u201eEin \u00fcber die nat\u00fcrliche Fluktuation hinaus gehendes Programm zum Stellenabbau ist nicht geplant.\u201c<\/p>\n<p>Anfang der Woche hatten Medienberichte f\u00fcr Unruhe gesorgt, wonach der R\u00fcckversicherer im Zuge eines Sparprogramms Tausende Stellen ins Ausland verlagern k\u00f6nnte. <\/p>\n<p>\u201eIm Rahmen der Munich-Re-Strategie \u201aAmbition 2030\u2018 sollen in der Gruppe die Effizienz erh\u00f6ht werden und so j\u00e4hrlich wiederkehrende Einsparungen von etwa 600 Millionen Euro bis 2030 erzielt werden, um so inflationsbedingten Kostensteigerungen entgegenzuwirken\u201c, hie\u00df es weiter.<\/p>\n<p><a class=\"is-link c-block-items__link is-external c-link--rich-text-renderer\" href=\"https:\/\/www.welt.de\/autor\/jan-dams\/\" target=\"_blank\" title=\"(Link wird in einem neuen Tab ge\u00f6ffnet)\" rel=\"nofollow noopener\" data-internal-tracking-enabled=\"true\" data-internal-tracking=\"{&quot;action&quot;:&quot;click&quot;,&quot;label&quot;:&quot;link&quot;,&quot;name&quot;:&quot;Inline Element&quot;,&quot;data&quot;:{&quot;source&quot;:&quot;&quot;,&quot;target&quot;:&quot;https:\/\/www.welt.de\/autor\/jan-dams\/&quot;,&quot;trackingName&quot;:&quot;&quot;,&quot;trackingLabel&quot;:&quot;&quot;}}\"><b>Jan Dams <\/b><\/a><b>ist Chefreporter von WELT AM SONNTAG.<\/b><\/p>\n","protected":false},"excerpt":{"rendered":"Der M\u00fcnchener R\u00fcckversicherungskonzern Munich Re weist Berichte \u00fcber ein geplantes Personalabbauprogramm zur\u00fcck. \u201eIn der R\u00fcckversicherungsgruppe inklusive des Asset-Managements&hellip;\n","protected":false},"author":2,"featured_media":706644,"comment_status":"","ping_status":"","sticky":false,"template":"","format":"standard","meta":{"footnotes":"","_share_on_mastodon":"0"},"categories":[2],"tags":[331,3924,332,3922,59912,3364,29,30,13,59183,162899,14,3923,162901,15,3921,162900,12,1465],"class_list":["post-723046","post","type-post","status-publish","format-standard","has-post-thumbnail","category-deutschland","tag-aktuelle-nachrichten","tag-aktuelle-nachrichten-aus-deutschland","tag-aktuelle-news","tag-aktuelle-news-aus-deutschland","tag-dams-jan","tag-de","tag-deutschland","tag-germany","tag-headlines","tag-kc_makro","tag-muenchener-rueck","tag-nachrichten","tag-nachrichten-aus-deutschland","tag-naturkatastrophen-ks","tag-news","tag-news-aus-deutschland","tag-rueckversicherung","tag-schlagzeilen","tag-versicherungen"],"share_on_mastodon":{"url":"https:\/\/pubeurope.com\/@de\/115905339277784678","error":""},"_links":{"self":[{"href":"https:\/\/www.europesays.com\/de\/wp-json\/wp\/v2\/posts\/723046","targetHints":{"allow":["GET"]}}],"collection":[{"href":"https:\/\/www.europesays.com\/de\/wp-json\/wp\/v2\/posts"}],"about":[{"href":"https:\/\/www.europesays.com\/de\/wp-json\/wp\/v2\/types\/post"}],"author":[{"embeddable":true,"href":"https:\/\/www.europesays.com\/de\/wp-json\/wp\/v2\/users\/2"}],"replies":[{"embeddable":true,"href":"https:\/\/www.europesays.com\/de\/wp-json\/wp\/v2\/comments?post=723046"}],"version-history":[{"count":0,"href":"https:\/\/www.europesays.com\/de\/wp-json\/wp\/v2\/posts\/723046\/revisions"}],"wp:featuredmedia":[{"embeddable":true,"href":"https:\/\/www.europesays.com\/de\/wp-json\/wp\/v2\/media\/706644"}],"wp:attachment":[{"href":"https:\/\/www.europesays.com\/de\/wp-json\/wp\/v2\/media?parent=723046"}],"wp:term":[{"taxonomy":"category","embeddable":true,"href":"https:\/\/www.europesays.com\/de\/wp-json\/wp\/v2\/categories?post=723046"},{"taxonomy":"post_tag","embeddable":true,"href":"https:\/\/www.europesays.com\/de\/wp-json\/wp\/v2\/tags?post=723046"}],"curies":[{"name":"wp","href":"https:\/\/api.w.org\/{rel}","templated":true}]}}