{"id":723068,"date":"2026-01-16T15:04:18","date_gmt":"2026-01-16T15:04:18","guid":{"rendered":"https:\/\/www.europesays.com\/de\/723068\/"},"modified":"2026-01-16T15:04:18","modified_gmt":"2026-01-16T15:04:18","slug":"kriminalitaet-sabotage-vermutet-lok-entgleist-in-essen","status":"publish","type":"post","link":"https:\/\/www.europesays.com\/de\/723068\/","title":{"rendered":"Kriminalit\u00e4t: Sabotage vermutet: Lok entgleist in Essen"},"content":{"rendered":"<p class=\"paragraph article__item\">Nach dem Entgleisen einer G\u00fcterzuglok in Essen durch ein befestigtes Metallteil gibt es nach Angaben der Ermittlungsbeh\u00f6rden bisher weder einen Tatverd\u00e4chtigen noch ein Bekennerschreiben. Aus deutschen Milit\u00e4rkreisen hie\u00df es, dass \u00fcber die Strecke auch Milit\u00e4rtransporte liefen. Zu den T\u00e4tern und ihrer Motivation gebe es aber keine konkreten Erkenntnisse.\n<\/p>\n<p>Aktuelles<\/p>\n<p>                <a href=\"https:\/\/www.zeit.de\/politik\/deutschland\/2026-01\/stromausfall-berlin-anschlag-linksextremismus-vulkangruppe-kai-wegner-gxe\" data-ct-label=\"Stromausfall in Berlin: Stadt Berlin hofft nach Stromausfall auf Hilfe der Bundeswehr\" rel=\"nofollow noopener\" target=\"_blank\"><\/p>\n<p>                        Stromausfall in Berlin:<br \/>\n                        Stadt Berlin hofft nach Stromausfall auf Hilfe der Bundeswehr<\/p>\n<p>                <\/a><\/p>\n<p>                <a href=\"https:\/\/www.zeit.de\/gesellschaft\/zeitgeschehen\/2026-01\/berlin-kaeltebus-brandstiftung-verdaechtiger-gxe\" data-ct-label=\"Berliner Stadtmission: Polizei ermittelt nach Brandstiftung an K\u00e4ltebussen gegen 43-J\u00e4hrigen\" rel=\"nofollow noopener\" target=\"_blank\"><\/p>\n<p>                        Berliner Stadtmission:<br \/>\n                        Polizei ermittelt nach Brandstiftung an K\u00e4ltebussen gegen 43-J\u00e4hrigen<\/p>\n<p>                <\/a><\/p>\n<p>                <a href=\"https:\/\/www.zeit.de\/gesellschaft\/2026-01\/berlin-stromausfall-versorgung-anschlag-gxe\" data-ct-label=\"Anschlag auf Kabel: Stromversorgung im S\u00fcdwesten Berlins l\u00e4uft wieder an\" rel=\"nofollow noopener\" target=\"_blank\"><\/p>\n<p>                        Anschlag auf Kabel:<br \/>\n                        Stromversorgung im S\u00fcdwesten Berlins l\u00e4uft wieder an<\/p>\n<p>                <\/a><\/p>\n<p class=\"paragraph article__item\">Die Staatsanwaltschaft Essen geht davon aus, dass eine Straftat vorliegt. Sie ermittelt wegen gef\u00e4hrlichen Eingriffs in den Bahnverkehr, wie ein Sprecher sagte. \u00abWir ermitteln in alle Richtungen\u00bb, wiederholte er. Die Ermittlungen bef\u00e4nden sich in einer fr\u00fchen Phase, es gebe keinen Tatverd\u00e4chtigen. Bei dem Vorfall am Montagabend seien keinen Menschen zu Schaden gekommen.\u00a0\n<\/p>\n<p class=\"paragraph article__item\">Nach Angaben der Polizei ist bisher kein Bekennerschreiben in dem Fall eingegangen. Ein Sprecher bekr\u00e4ftigte, dass ein Metallteil am Gleis durch Unbekannte befestigt worden sei. Nach fr\u00fcheren Angaben entgleiste die Lok, die nach wenigen Hundert Metern zum Stehen kam. Die Waggons blieben unbesch\u00e4digt. Der G\u00fcterzug hatte nach Angaben der Polizei \u00abGefahrstoffe\u00bb geladen. Auch der Staatsschutz ist in die Ermittlungen eingebunden.\n<\/p>\n<p class=\"paragraph article__item\">\u00a9 dpa-infocom, dpa:260116-930-554052\/2<\/p>\n","protected":false},"excerpt":{"rendered":"Nach dem Entgleisen einer G\u00fcterzuglok in Essen durch ein befestigtes Metallteil gibt es nach Angaben der Ermittlungsbeh\u00f6rden bisher&hellip;\n","protected":false},"author":2,"featured_media":723069,"comment_status":"","ping_status":"","sticky":false,"template":"","format":"standard","meta":{"footnotes":"","_share_on_mastodon":"0"},"categories":[1834],"tags":[3364,29,3688,30,166395,1584,71762,15,1209,16691],"class_list":["post-723068","post","type-post","status-publish","format-standard","has-post-thumbnail","category-essen","tag-de","tag-deutschland","tag-essen","tag-germany","tag-gueterzuglok","tag-kriminalitaet","tag-metallteil","tag-news","tag-nordrhein-westfalen","tag-sabotage"],"share_on_mastodon":{"url":"https:\/\/pubeurope.com\/@de\/115905395006537674","error":""},"_links":{"self":[{"href":"https:\/\/www.europesays.com\/de\/wp-json\/wp\/v2\/posts\/723068","targetHints":{"allow":["GET"]}}],"collection":[{"href":"https:\/\/www.europesays.com\/de\/wp-json\/wp\/v2\/posts"}],"about":[{"href":"https:\/\/www.europesays.com\/de\/wp-json\/wp\/v2\/types\/post"}],"author":[{"embeddable":true,"href":"https:\/\/www.europesays.com\/de\/wp-json\/wp\/v2\/users\/2"}],"replies":[{"embeddable":true,"href":"https:\/\/www.europesays.com\/de\/wp-json\/wp\/v2\/comments?post=723068"}],"version-history":[{"count":0,"href":"https:\/\/www.europesays.com\/de\/wp-json\/wp\/v2\/posts\/723068\/revisions"}],"wp:featuredmedia":[{"embeddable":true,"href":"https:\/\/www.europesays.com\/de\/wp-json\/wp\/v2\/media\/723069"}],"wp:attachment":[{"href":"https:\/\/www.europesays.com\/de\/wp-json\/wp\/v2\/media?parent=723068"}],"wp:term":[{"taxonomy":"category","embeddable":true,"href":"https:\/\/www.europesays.com\/de\/wp-json\/wp\/v2\/categories?post=723068"},{"taxonomy":"post_tag","embeddable":true,"href":"https:\/\/www.europesays.com\/de\/wp-json\/wp\/v2\/tags?post=723068"}],"curies":[{"name":"wp","href":"https:\/\/api.w.org\/{rel}","templated":true}]}}