{"id":72321,"date":"2025-04-30T04:39:09","date_gmt":"2025-04-30T04:39:09","guid":{"rendered":"https:\/\/www.europesays.com\/de\/72321\/"},"modified":"2025-04-30T04:39:09","modified_gmt":"2025-04-30T04:39:09","slug":"der-us-ueberblick-am-morgen-trump-feiert-100-tage-im-amt-und-gratuliert-wahlsieger-in-kanada","status":"publish","type":"post","link":"https:\/\/www.europesays.com\/de\/72321\/","title":{"rendered":"Der US-\u00dcberblick am Morgen: Trump feiert 100 Tage im Amt und gratuliert Wahlsieger in Kanada"},"content":{"rendered":"<p>    \u00dcbersicht:<br \/>\n            Trump lobt eigene Regierung bei Rede zu ersten 100 Tagen<\/p>\n<p class=\"paragraph article__item\">US-Pr\u00e4sident <a href=\"https:\/\/www.zeit.de\/thema\/donald-trump\" class=\"\" target=\"_blank\" rel=\"nofollow noopener\">Donald Trump<\/a> hat seine <strong>ersten 100 Tage im Amt<\/strong> mit einer Kundgebung gefeiert. Die Monate seit Beginn seiner zweiten Amtszeit im Januar seien die &#8222;erfolgreichsten ersten 100 Tage einer Regierung in der Geschichte unseres Landes&#8220;, sagte der <a class=\"rtr-entity\" href=\"https:\/\/www.zeit.de\/thema\/republikaner-usa\" rel=\"nofollow noopener\" target=\"_blank\">Republikaner<\/a> vor Anh\u00e4ngern im Bundesstaat Michigan. Vor seiner Abreise in den Autostaat Michigan hatte Trump zwei Dekrete unterzeichnet, die<strong> Autohersteller in den Vereinigten Staaten von Importz\u00f6llen entlasten<\/strong> sollen. Sie sehen vor, dass Unternehmen, die bereits <strong>25 Prozent Zoll auf im Ausland produzierte Fahrzeugteile<\/strong> zahlen, nicht zus\u00e4tzlich denselben Satz auf <strong>importierten Stahl oder Aluminium<\/strong> entrichten m\u00fcssen. In seiner Rede prophezeite Trump der US-Autoindustrie goldene Zeiten infolge seiner Zoll- und Steuerpolitik.\n<\/p>\n<p class=\"paragraph article__item\"><a href=\"https:\/\/www.zeit.de\/politik\/ausland\/2025-04\/donald-trump-zoelle-autobauer\" class=\"\" target=\"_blank\" rel=\"nofollow noopener\">Lesen Sie hier mehr \u00fcber die Zollentlastung f\u00fcr die Autoindustrie<\/a>.\n<\/p>\n<p>                            Trump gratuliert Sieger der kanadischen Parlamentswahl<\/p>\n<p class=\"paragraph article__item\"><a class=\"rtr-entity\" href=\"https:\/\/www.zeit.de\/thema\/donald-trump\" rel=\"nofollow noopener\" target=\"_blank\">Donald Trump<\/a> hat dem <a href=\"https:\/\/www.zeit.de\/thema\/mark-carney\" class=\"\" target=\"_blank\" rel=\"nofollow noopener\">kanadischen Premierminister Mark Carney<\/a> zum <strong>Sieg seiner liberalen Partei bei der Parlamentswahl in Kanada<\/strong> gratuliert. Die Geste war nicht selbstverst\u00e4ndlich, zuvor hatte der US-Pr\u00e4sident dem Nachbarland schlie\u00dflich\u00a0<strong>wiederholt mit Annexion<\/strong> gedroht. Trump und Carney h\u00e4tten miteinander telefoniert, teilte das B\u00fcro des kanadischen Premierministers mit. Demnach waren sich Trump und Carney &#8222;\u00fcber die Bedeutung der Zusammenarbeit von Kanada und den Vereinigten Staaten einig \u2013 als <strong>unabh\u00e4ngige, souver\u00e4ne Staaten<\/strong> \u2013 zu ihrer gegenseitigen Verbesserung.&#8220; Ein pers\u00f6nliches Treffen soll demnach bald stattfinden. Carney hatte in seiner <a href=\"https:\/\/www.zeit.de\/politik\/ausland\/2025-04\/kanada-mark-carney-liberale-usa-souveraenitaet-aussenpolitik\" class=\"\" target=\"_blank\" rel=\"nofollow noopener\">Siegesrede<\/a> zuvor versprochen, sich der <strong>aggressiven Politik der US-Regierung unter Donald Trump<\/strong> entschlossen entgegenzustellen.\n<\/p>\n<p class=\"paragraph article__item\"><a href=\"https:\/\/www.zeit.de\/politik\/ausland\/2025-04\/kanada-mark-carney-liberale-usa-souveraenitaet-aussenpolitik\" class=\"\" target=\"_blank\" rel=\"nofollow noopener\">Lesen Sie hier mehr \u00fcber die Parlamentswahl in Kanada<\/a>.\n<\/p>\n<p>                            Republikaner Perdue als US-Botschafter in China best\u00e4tigt<\/p>\n<p class=\"paragraph article__item\">Der <strong>fr\u00fchere Senator David Perdue<\/strong> wird neuer <strong>US-Botschafter in China<\/strong>. Inmitten des Zollstreits zwischen den zwei Gro\u00dfm\u00e4chten best\u00e4tigte der Senat die Personalie auch mit Stimmen der Demokraten. 67 Senatoren stimmten f\u00fcr ihren Ex-Kollegen, 29 gegen ihn. Bei einer Anh\u00f6rung in diesem Monat bezeichnete der Republikaner die <strong>US-Beziehung mit China als die gr\u00f6\u00dfte diplomatische Herausforderung des 21. Jahrhunderts<\/strong>. Die Herangehensweise an die chinesische Regierung m\u00fcsse nuanciert, \u00fcberparteilich und strategisch sein, sagte er.\n<\/p>\n<p>                            \u00a9\u00a0Lea Dohle<\/p>\n<p>\n                    Newsletter<\/p>\n<p>                    Was jetzt? \u2013 Der t\u00e4gliche Morgen\u00fcberblick<\/p>\n<p class=\"newsletter-signup__text\">Starten Sie mit unserem kurzen Nachrichten-Newsletter in den Tag. Erhalten Sie zudem freitags den US-Sonderletter &#8222;Was jetzt, America?&#8220; sowie das digitale Magazin ZEIT am Wochenende.<\/p>\n<p class=\"newsletter-signup__datapolicy\" hidden=\"\">\n            Mit Ihrer Registrierung nehmen Sie die <a href=\"https:\/\/datenschutz.zeit.de\/zon#Newsletter\" target=\"_blank\" rel=\"nofollow noopener\">Datenschutzerkl\u00e4rung<\/a> zur Kenntnis.\n        <\/p>\n<p>    Vielen Dank! Wir haben Ihnen eine E-Mail geschickt.<\/p>\n<p>Pr\u00fcfen Sie Ihr Postfach und best\u00e4tigen Sie das Newsletter-Abonnement.<\/p>\n<p class=\"paragraph article__item\"><a href=\"https:\/\/www.zeit.de\/politik\/ausland\/2025-04\/zollstreit-usa-china-neuer-botschafter-david-perdue\" class=\"\" target=\"_blank\" rel=\"nofollow noopener\">Lesen Sie hier mehr \u00fcber die Personalie David Perdue<\/a>.\n<\/p>\n<p>                    US-Regierung droht mit R\u00fcckzug von Vermittlerrolle im Ukrainekrieg<\/p>\n<p class=\"paragraph article__item\">Die US-Regierung hat erneut mit einem <strong>Ende ihrer Vermittlungsversuche im Ukrainekrieg<\/strong> gedroht. <a href=\"https:\/\/www.zeit.de\/thema\/russland\" class=\"\" target=\"_blank\" rel=\"nofollow noopener\">Russland<\/a> und die <a href=\"https:\/\/www.zeit.de\/thema\/krieg-in-ukraine\" class=\"\" target=\"_blank\" rel=\"nofollow noopener\">Ukraine <\/a>m\u00fcssten &#8222;konkrete Vorschl\u00e4ge&#8220; f\u00fcr ein Kriegsende vorlegen, sagte die Sprecherin des Au\u00dfenministeriums, Tammy Bruce. Sollte es weiterhin &#8222;keinen Fortschritt&#8220; geben, werde sich die US-Regierung &#8222;als Vermittler in diesem Prozess zur\u00fcckziehen&#8220;. US-Au\u00dfenminister Marco Rubio hatte bereits am Sonntag gewarnt, die <strong><a href=\"https:\/\/www.zeit.de\/2025\/18\/ukraine-verhandlungen-russland-usa-wladimir-putin-donald-trump-wolodymyr-selenskyj\" class=\"\" target=\"_blank\" rel=\"nofollow noopener\">Bem\u00fchungen um eine Waffenruhe<\/a><\/strong> k\u00f6nnten vor einer &#8222;sehr entscheidenden&#8220; Woche stehen.\u00a0\n<\/p>\n<p class=\"paragraph article__item\"><a href=\"https:\/\/www.zeit.de\/politik\/ausland\/ukraine-krieg-news-liveblog#event_id=ens59MwX5enQ5SR9TwgS\" class=\"\" target=\"_blank\" rel=\"nofollow noopener\">Lesen Sie hier mehr \u00fcber die Drohung der USA<\/a>.\n<\/p>\n<p>            Trump will haitianische Banden mutma\u00dflich als Terrororganisation einstufen<\/p>\n<p class=\"paragraph article__item\">Die US-Regierung plant offenbar, <strong>Verbrecherbanden aus Haiti<\/strong> als ausl\u00e4ndische Terrororganisationen einzustufen. Wie die Nachrichtenagentur AP unter Berufung auf Regierungskreise meldet, geht dies aus einer Mitteilung von Vertretern der Trump-Regierung an den US-Kongress hervor. Konkret geht es demnach um die haitianischen Organisationen Viv Ansanm und Gran Grif. Das US-Au\u00dfenministerium \u00e4u\u00dferte sich zun\u00e4chst nicht dazu. <\/p>\n<p class=\"paragraph article__item\"><a href=\"https:\/\/www.zeit.de\/politik\/ausland\/2025-02\/regierung-donald-trump-entscheidungen-dekrete-usa\" id=\"docs-internal-guid-2c394019-7fff-605c-4873-1080ddca036a\" target=\"_blank\" rel=\"nofollow noopener\">Lesen Sie hier eine Chronik der wichtigsten Entscheidungen seit dem Amtsantritt der US-Regierung<\/a>.<\/p>\n","protected":false},"excerpt":{"rendered":"\u00dcbersicht: Trump lobt eigene Regierung bei Rede zu ersten 100 Tagen US-Pr\u00e4sident Donald Trump hat seine ersten 100&hellip;\n","protected":false},"author":2,"featured_media":72322,"comment_status":"","ping_status":"","sticky":false,"template":"","format":"standard","meta":{"footnotes":""},"categories":[5],"tags":[227,31654,3939,106,13,53,14951,17117,14,15,853,16,21059,12,10,8,9,11,64,1060],"class_list":{"0":"post-72321","1":"post","2":"type-post","3":"status-publish","4":"format-standard","5":"has-post-thumbnail","7":"category-nachrichten","8":"tag-china","9":"tag-david-perdue","10":"tag-der-us-ueberblick-am-morgen","11":"tag-donald-trump","12":"tag-headlines","13":"tag-kanada","14":"tag-mark-carney","15":"tag-michigan","16":"tag-nachrichten","17":"tag-news","18":"tag-parlamentswahl","19":"tag-politik","20":"tag-republikaner-usa","21":"tag-schlagzeilen","22":"tag-top-news","23":"tag-top-meldungen","24":"tag-topmeldungen","25":"tag-topnews","26":"tag-usa","27":"tag-zollpolitik"},"share_on_mastodon":{"url":"https:\/\/pubeurope.com\/@de\/114425073709362966","error":""},"_links":{"self":[{"href":"https:\/\/www.europesays.com\/de\/wp-json\/wp\/v2\/posts\/72321","targetHints":{"allow":["GET"]}}],"collection":[{"href":"https:\/\/www.europesays.com\/de\/wp-json\/wp\/v2\/posts"}],"about":[{"href":"https:\/\/www.europesays.com\/de\/wp-json\/wp\/v2\/types\/post"}],"author":[{"embeddable":true,"href":"https:\/\/www.europesays.com\/de\/wp-json\/wp\/v2\/users\/2"}],"replies":[{"embeddable":true,"href":"https:\/\/www.europesays.com\/de\/wp-json\/wp\/v2\/comments?post=72321"}],"version-history":[{"count":0,"href":"https:\/\/www.europesays.com\/de\/wp-json\/wp\/v2\/posts\/72321\/revisions"}],"wp:featuredmedia":[{"embeddable":true,"href":"https:\/\/www.europesays.com\/de\/wp-json\/wp\/v2\/media\/72322"}],"wp:attachment":[{"href":"https:\/\/www.europesays.com\/de\/wp-json\/wp\/v2\/media?parent=72321"}],"wp:term":[{"taxonomy":"category","embeddable":true,"href":"https:\/\/www.europesays.com\/de\/wp-json\/wp\/v2\/categories?post=72321"},{"taxonomy":"post_tag","embeddable":true,"href":"https:\/\/www.europesays.com\/de\/wp-json\/wp\/v2\/tags?post=72321"}],"curies":[{"name":"wp","href":"https:\/\/api.w.org\/{rel}","templated":true}]}}