{"id":723226,"date":"2026-01-16T16:28:14","date_gmt":"2026-01-16T16:28:14","guid":{"rendered":"https:\/\/www.europesays.com\/de\/723226\/"},"modified":"2026-01-16T16:28:14","modified_gmt":"2026-01-16T16:28:14","slug":"kind-in-leipzig-offenbar-doch-nicht-nach-getoetetem-hamas-fuehrer-benannt-%c2%b7-leipziger-zeitung","status":"publish","type":"post","link":"https:\/\/www.europesays.com\/de\/723226\/","title":{"rendered":"Kind in Leipzig offenbar doch nicht nach get\u00f6tetem Hamas-F\u00fchrer benannt \u00b7 Leipziger Zeitung"},"content":{"rendered":"<p>Im vergangenen August ver\u00f6ffentlichte das Uniklinikum auf Instagram ein Foto, das f\u00fcr viel Aufsehen gesorgt hat. Ein neues Kind mit dem Vornamen \u201eYahya Sinwar\u201c, benannt nach dem get\u00f6teten Hamas-F\u00fchrer, wurde darauf begr\u00fc\u00dft. In der k\u00fcrzlich ver\u00f6ffentlichten Leipziger Vornamensstatistik f\u00fcr 2025 taucht der Name \u201eSinwar\u201c allerdings nicht auf.<\/p>\n<p>Die beliebtesten Namen f\u00fcr geborene Jungen in Leipzig waren im vergangenen Jahr Noah, Adam, Oskar und Theo. Immerhin zwei Kinder bekamen den Namen \u201eYahya\u201c. Sucht man aber nach dem Vornamen \u201eSinwar\u201c, erh\u00e4lt man keinen einzigen Treffer.<img decoding=\"async\" src=\"https:\/\/www.europesays.com\/de\/wp-content\/uploads\/2026\/01\/421255353258466f812079c4d91e613b.gif\" width=\"https:\/\/www.l-iz.de\/leben\/familie-und-kinder\/2026\/01\/1\" height=\"https:\/\/www.l-iz.de\/leben\/familie-und-kinder\/2026\/01\/1\" alt=\"\"\/><\/p>\n<p>Warum das Uniklinikum Anfang August <a href=\"https:\/\/www.l-iz.de\/leben\/familie-und-kinder\/2025\/08\/standesamt-baby-hamas-631271\" target=\"_blank\" rel=\"noopener nofollow\">die Geburt von \u201eYahya Sinwar\u201c bekanntgab<\/a>, der Name in dieser Form aber nicht in der Statistik auftaucht, l\u00e4sst sich nicht eindeutig kl\u00e4ren. Zu einzelnen F\u00e4llen \u00e4u\u00dfert sich das Standesamt nicht.<\/p>\n<p>Allerdings best\u00e4tigt das Standesamt auf Anfrage der Leipziger Zeitung, dass es im vergangenen Jahr vereinzelt Vornamen abgelehnt hat. \u201eAblehnungen erfolgen grunds\u00e4tzlich nur dann, wenn der Vorname nach fachlicher Einsch\u00e4tzung geeignet w\u00e4re, das Kindeswohl zu gef\u00e4hrden, etwa durch m\u00f6gliche L\u00e4cherlichkeit, Anst\u00f6\u00dfigkeit oder fehlenden Namenscharakter\u201c, teilt das Standesamt mit.<\/p>\n<p>Das k\u00f6nnte bei \u201eYahya Sinwar\u201c durchaus der Fall sein. Der gleichnamige Hamas-Anf\u00fchrer wurde im Oktober 2024 get\u00f6tet und gilt als hauptverantwortlich f\u00fcr das Massaker in Israel rund ein Jahr zuvor.<\/p>\n<p>M\u00f6glich w\u00e4re theoretisch auch, dass die Eltern dem Standesamt ihren Namenswunsch noch nicht mitgeteilt haben. Allerdings gibt es in Leipzig daf\u00fcr eine Frist von einem Monat nach der Geburt.<\/p>\n<p>Sollte das Standesamt einen Namen ablehnen, gibt es anschlie\u00dfend verschiedene M\u00f6glichkeiten. \u201eIn allen entsprechenden F\u00e4llen wird das Gespr\u00e4ch mit den Eltern gesucht. Ziel ist es, gemeinsam eine einvernehmliche L\u00f6sung zu finden, die sowohl den rechtlichen Vorgaben als auch den W\u00fcnschen der Eltern Rechnung tr\u00e4gt.\u201c<\/p>\n<p>Laut Standesamt wurde in den meisten F\u00e4llen eine solche L\u00f6sung gefunden. In seltenen F\u00e4llen landen solche Angelegenheiten vor Gericht. Es ist also auch nicht auszuschlie\u00dfen, dass noch nicht endg\u00fcltig entschieden ist, ob das Kind \u201eYahya Sinwar\u201c hei\u00dfen wird. Sehr wahrscheinlich ist zumindest, dass das Standesamt den Namen abgelehnt hat. Absolut sicher wird man es aber m\u00f6glicherweise nie wissen.<\/p>\n","protected":false},"excerpt":{"rendered":"Im vergangenen August ver\u00f6ffentlichte das Uniklinikum auf Instagram ein Foto, das f\u00fcr viel Aufsehen gesorgt hat. Ein neues&hellip;\n","protected":false},"author":2,"featured_media":339096,"comment_status":"","ping_status":"","sticky":false,"template":"","format":"standard","meta":{"footnotes":"","_share_on_mastodon":"0"},"categories":[1832],"tags":[10644,3364,29,30,71,859,20953],"class_list":["post-723226","post","type-post","status-publish","format-standard","has-post-thumbnail","category-leipzig","tag-standesamt","tag-de","tag-deutschland","tag-germany","tag-leipzig","tag-sachsen","tag-uniklinik"],"share_on_mastodon":{"url":"https:\/\/pubeurope.com\/@de\/115905724832609324","error":""},"_links":{"self":[{"href":"https:\/\/www.europesays.com\/de\/wp-json\/wp\/v2\/posts\/723226","targetHints":{"allow":["GET"]}}],"collection":[{"href":"https:\/\/www.europesays.com\/de\/wp-json\/wp\/v2\/posts"}],"about":[{"href":"https:\/\/www.europesays.com\/de\/wp-json\/wp\/v2\/types\/post"}],"author":[{"embeddable":true,"href":"https:\/\/www.europesays.com\/de\/wp-json\/wp\/v2\/users\/2"}],"replies":[{"embeddable":true,"href":"https:\/\/www.europesays.com\/de\/wp-json\/wp\/v2\/comments?post=723226"}],"version-history":[{"count":0,"href":"https:\/\/www.europesays.com\/de\/wp-json\/wp\/v2\/posts\/723226\/revisions"}],"wp:featuredmedia":[{"embeddable":true,"href":"https:\/\/www.europesays.com\/de\/wp-json\/wp\/v2\/media\/339096"}],"wp:attachment":[{"href":"https:\/\/www.europesays.com\/de\/wp-json\/wp\/v2\/media?parent=723226"}],"wp:term":[{"taxonomy":"category","embeddable":true,"href":"https:\/\/www.europesays.com\/de\/wp-json\/wp\/v2\/categories?post=723226"},{"taxonomy":"post_tag","embeddable":true,"href":"https:\/\/www.europesays.com\/de\/wp-json\/wp\/v2\/tags?post=723226"}],"curies":[{"name":"wp","href":"https:\/\/api.w.org\/{rel}","templated":true}]}}