{"id":723268,"date":"2026-01-16T16:51:16","date_gmt":"2026-01-16T16:51:16","guid":{"rendered":"https:\/\/www.europesays.com\/de\/723268\/"},"modified":"2026-01-16T16:51:16","modified_gmt":"2026-01-16T16:51:16","slug":"sky-aendert-empfangsart-so-lief-der-hbo-max-start","status":"publish","type":"post","link":"https:\/\/www.europesays.com\/de\/723268\/","title":{"rendered":"Sky \u00e4ndert Empfangsart, so lief der HBO-Max-Start"},"content":{"rendered":"<p>            <img decoding=\"async\" fetchpriority=\"high\" width=\"696\" height=\"400\" data-no-lazy=\"\" class=\"entry-thumb\" src=\"https:\/\/www.europesays.com\/de\/wp-content\/uploads\/2025\/07\/HBO-Max-2025-696x400.jpg\" alt=\"HBO Max 2025\" title=\"HBO Max 2025\"\/><\/p>\n<p><strong>DF-Wochenr\u00fcckblick: In dieser Woche ging <a href=\"https:\/\/www.digitalfernsehen.de\/thema\/hbo-max\/\" class=\"av-highlight\" title=\"Mehr Aritkel zum Thema HBO Max\" target=\"_blank\" rel=\"noopener\">HBO Max<\/a> in Deutschland an den Start, die Handball-EM startete und Prime brachte ein neues Ratespiel auf den Weg.<\/strong><\/p>\n<p>HBO Max in Deutschland gelaunched<\/p>\n<p>Seit Dienstag gibt es HBO Max auch in Deutschland \u2013 der Streamer startete rund zwei Wochen nachdem die WBD-Vertr\u00e4ge mit dem vorigen Partner <a href=\"https:\/\/www.digitalfernsehen.de\/thema\/sky\/\" class=\"av-highlight\" title=\"Mehr Aritkel zum Thema Sky\" target=\"_blank\" rel=\"noopener\">Sky<\/a> ausgelaufen waren. <a href=\"https:\/\/www.digitalfernsehen.de\/thema\/rtl\/\" class=\"av-highlight\" title=\"Mehr Aritkel zum Thema RTL\" target=\"_blank\" rel=\"noopener\">RTL<\/a> trommelt seit einigen Tagen stark f\u00fcr ein gemeinsames <a href=\"https:\/\/www.digitalfernsehen.de\/news\/inhalte\/fernsehen\/rtl-wird-exklusiver-partner-von-hbo-max-das-kosten-die-streamer-im-bundle-1169776\/\" target=\"_blank\" rel=\"noopener\">RTL+\/HBO Max-Bundle<\/a>, auch \u00fcber <a href=\"https:\/\/www.digitalfernsehen.de\/news\/inhalte\/fernsehen\/hbo-max-laesst-sich-nun-auch-ueber-diesen-dienst-buchen-1170117\/\" target=\"_blank\" rel=\"noopener\">Waipu.TV<\/a> ist der neue Streamer verf\u00fcgbar. Was man \u00fcber HBO Max wissen muss, ist <a href=\"https:\/\/www.digitalfernsehen.de\/news\/inhalte\/streaming\/hbo-max-startet-das-muessen-sie-jetzt-wissen-1170025\/\" target=\"_blank\" rel=\"noopener\">hier nochmals zusammengefasst. <\/a>Mit Blick auf das Programm ragen derzeit freilich zwei Serien heraus. \u201eThe Pitt\u201c und der kommende \u201eGame of Thrones\u201c-Ableger, der auch die Berliner Launch-Party dominierte. DF hat beide Serien schon getestet<\/p>\n<p>Diese \u00c4nderung kommt auf Sky-Kunden mit Vodafone-Anschluss zu<\/p>\n<p>Ab Februar wird Sky bei Vodafone-Kunden die Empfangsart von vielen Sendern umstellen. Sie empfangen die Sender dann nicht mehr \u00fcber das Kabelsignal, sondern \u00fcber das Internet. Das spart Sky wesentlich Einspeisegeb\u00fchren, zudem werde Sky damit flexibler. F\u00fcr den Kunden mit SkyQ-Receiver \u00e4ndert sich wenig, sofern die Box mit dem Internet verbunden ist. Kunden mit alten und nicht internetf\u00e4higen Ger\u00e4ten soll ein Tausch angeboten werden. Alle Infos zur gro\u00dfen Empfangs\u00e4nderung von Sky <a href=\"https:\/\/www.digitalfernsehen.de\/news\/empfang\/kabel\/sky-stellt-bei-vodafone-kunden-grossflaechig-auf-ip-empfang-um-1170287\/\" target=\"_blank\" rel=\"noopener\">hier.<\/a> <\/p>\n<p>Neues Prime-Quiz im Test<\/p>\n<p>Seit Freitag bietet Prime Video die neue Rateshow \u201eYes or No Games\u201c (sechs Folgen in Staffel eins) an \u2013 moderiert von Steven G\u00e4tjen. Das Programm ist optisch eindrucksvoll aufgezogen und wird routiniert von Steven G\u00e4tjen moderiert. Lohnt sich das Einschalten? Mehr in der aktuellen <a href=\"https:\/\/www.digitalfernsehen.de\/news\/inhalte\/streaming\/yes-or-no-ist-die-neue-prime-quizshow-gutes-fernsehen-1170556\/\" target=\"_blank\" rel=\"noopener\">DF-Kritik <\/a>zum Neustart. <\/p>\n<p>Handball-EM startet mit Tagessieg<\/p>\n<p>Die Handball-EM hat begonnen, die deutsche Mannschaft hat ihren ersten Sieg eingefahren \u2013 und dem Ersten am Donnerstagabend zu einem Sieg in puncto Quote verholfen. Wie stark das Turnier im deutschen Fernsehen begann, ist<a href=\"https:\/\/www.digitalfernsehen.de\/news\/inhalte\/fernsehen\/handball-em-direkt-stark-rtl-geht-unter-1-quiz-beachtlich-1170540\/\" target=\"_blank\" rel=\"noopener\"> in diesem Text zu finden.<\/a> <\/p>\n<p>Exklusiv-Interview mit Schauspieler Artjom Gilz<\/p>\n<p>Er spielt eine Rolle in der frisch gestarteten Sky-Serie \u201ePonies\u201c: Artjom Gilz. Der Darsteller arbeitete am Set \u00fcber Monate somit mit Superstar Emilia Clarke. \u00dcber die Serie, das Moskau der 70er-Jahre, Brownies und seine k\u00fcnftigen Pl\u00e4ne sprach Gilz <a href=\"https:\/\/www.digitalfernsehen.de\/news\/inhalte\/fernsehen\/artjom-gilz-deutscher-ponies-darsteller-lueftet-geheimnis-um-emilia-clarke-1170424\/\" target=\"_blank\" rel=\"noopener\">im Exklusiv-Interview mit Digitalfernsehen.de.<\/a><\/p>\n<p>Au\u00dferdem interessant:<\/p>\n","protected":false},"excerpt":{"rendered":"DF-Wochenr\u00fcckblick: In dieser Woche ging HBO Max in Deutschland an den Start, die Handball-EM startete und Prime brachte&hellip;\n","protected":false},"author":2,"featured_media":111225,"comment_status":"","ping_status":"","sticky":false,"template":"","format":"standard","meta":{"footnotes":""},"categories":[1773],"tags":[29,214,30,1391,43377,166414,471,1780,215],"class_list":{"0":"post-723268","1":"post","2":"type-post","3":"status-publish","4":"format-standard","5":"has-post-thumbnail","7":"category-serien","8":"tag-deutschland","9":"tag-entertainment","10":"tag-germany","11":"tag-handball","12":"tag-hbo-max","13":"tag-ponies","14":"tag-serien","15":"tag-series","16":"tag-unterhaltung"},"share_on_mastodon":{"url":"https:\/\/pubeurope.com\/@de\/115905815189534392","error":""},"_links":{"self":[{"href":"https:\/\/www.europesays.com\/de\/wp-json\/wp\/v2\/posts\/723268","targetHints":{"allow":["GET"]}}],"collection":[{"href":"https:\/\/www.europesays.com\/de\/wp-json\/wp\/v2\/posts"}],"about":[{"href":"https:\/\/www.europesays.com\/de\/wp-json\/wp\/v2\/types\/post"}],"author":[{"embeddable":true,"href":"https:\/\/www.europesays.com\/de\/wp-json\/wp\/v2\/users\/2"}],"replies":[{"embeddable":true,"href":"https:\/\/www.europesays.com\/de\/wp-json\/wp\/v2\/comments?post=723268"}],"version-history":[{"count":0,"href":"https:\/\/www.europesays.com\/de\/wp-json\/wp\/v2\/posts\/723268\/revisions"}],"wp:featuredmedia":[{"embeddable":true,"href":"https:\/\/www.europesays.com\/de\/wp-json\/wp\/v2\/media\/111225"}],"wp:attachment":[{"href":"https:\/\/www.europesays.com\/de\/wp-json\/wp\/v2\/media?parent=723268"}],"wp:term":[{"taxonomy":"category","embeddable":true,"href":"https:\/\/www.europesays.com\/de\/wp-json\/wp\/v2\/categories?post=723268"},{"taxonomy":"post_tag","embeddable":true,"href":"https:\/\/www.europesays.com\/de\/wp-json\/wp\/v2\/tags?post=723268"}],"curies":[{"name":"wp","href":"https:\/\/api.w.org\/{rel}","templated":true}]}}