{"id":723404,"date":"2026-01-16T18:06:16","date_gmt":"2026-01-16T18:06:16","guid":{"rendered":"https:\/\/www.europesays.com\/de\/723404\/"},"modified":"2026-01-16T18:06:16","modified_gmt":"2026-01-16T18:06:16","slug":"keine-mehrheit-fuer-schwarz-rot-in-der-hauptstadt","status":"publish","type":"post","link":"https:\/\/www.europesays.com\/de\/723404\/","title":{"rendered":"Keine Mehrheit f\u00fcr Schwarz-Rot in der Hauptstadt"},"content":{"rendered":"<p>F\u00fcr die schwarz-rote Koalition des Regierenden B\u00fcrgermeisters Kai Wegner (CDU) bedeutet das weiterhin: Eine Fortsetzung des B\u00fcndnisses w\u00e4re mit diesen Werten nicht m\u00f6glich. Politisch machbar w\u00e4ren, wie schon <a data-doctype=\"beitrag\" href=\"https:\/\/www.rbb24.de\/politik\/beitrag\/2025\/11\/berlintrend-spd-cdu-ohne-mehrheit-politik.html\" rel=\"nofollow noopener\" target=\"_blank\">bei den Zahlen im November<\/a>, allenfalls zwei Dreierb\u00fcndnisse: entweder eine schwarz-gr\u00fcn-rote Koalition aus CDU, Gr\u00fcnen und SPD mit Kai Wegner an der Spitze oder ein B\u00fcndnis aus Linken, Gr\u00fcnen und SPD unter einer dann Regierenden B\u00fcrgermeisterin Elif Eralp, die als Spitzenkandidatin der Linken ins Rennen geht.<\/p>\n<p>F\u00fcr welche f\u00fchrende Regierungspartei sich Gr\u00fcne und SPD in diesem Fall nach der Wahl entscheiden w\u00fcrden, lassen beide offen. Fest steht nach allen Erfahrungen mit Dreier-Koalitionen auf Landes- und auch Bundesebene nur: Ein Spaziergang w\u00fcrde eine solche Politehe h\u00f6chstwahrscheinlich nicht werden. Zu gro\u00df ist immer wieder die Gefahr, dass sich eine Partei am Tisch zu kurz gekommen oder von den anderen hintergangen f\u00fchlt.<\/p>\n<p>Dass das BSW abermals verliert und seinen Abw\u00e4rtstrend fortsetzt, d\u00fcrfte wohl weniger mit dem Agieren der Partei auf Berliner Landesebene zu tun haben, als mit dem Zustand, in dem sich das B\u00fcndnis Sahra Wagenknecht insgesamt derzeit zeigt \u2013 vor allem <a data-doctype=\"beitrag\" href=\"https:\/\/www.rbb24.de\/politik\/beitrag\/2026\/01\/bsw-spd-brandenburg-krise-chronologie-robert-crumbach.html\" rel=\"nofollow noopener\" target=\"_blank\">in Brandenburg mit dem Scheitern der dortigen Koalition<\/a>.<\/p>\n","protected":false},"excerpt":{"rendered":"F\u00fcr die schwarz-rote Koalition des Regierenden B\u00fcrgermeisters Kai Wegner (CDU) bedeutet das weiterhin: Eine Fortsetzung des B\u00fcndnisses w\u00e4re&hellip;\n","protected":false},"author":2,"featured_media":723405,"comment_status":"","ping_status":"","sticky":false,"template":"","format":"standard","meta":{"footnotes":"","_share_on_mastodon":"0"},"categories":[1825],"tags":[296,29,30,141515,134296],"class_list":["post-723404","post","type-post","status-publish","format-standard","has-post-thumbnail","category-berlin","tag-berlin","tag-deutschland","tag-germany","tag-rbb24berlin-trend","tag-rbb24tagesschau"],"share_on_mastodon":{"url":"https:\/\/pubeurope.com\/@de\/115906110335427081","error":""},"_links":{"self":[{"href":"https:\/\/www.europesays.com\/de\/wp-json\/wp\/v2\/posts\/723404","targetHints":{"allow":["GET"]}}],"collection":[{"href":"https:\/\/www.europesays.com\/de\/wp-json\/wp\/v2\/posts"}],"about":[{"href":"https:\/\/www.europesays.com\/de\/wp-json\/wp\/v2\/types\/post"}],"author":[{"embeddable":true,"href":"https:\/\/www.europesays.com\/de\/wp-json\/wp\/v2\/users\/2"}],"replies":[{"embeddable":true,"href":"https:\/\/www.europesays.com\/de\/wp-json\/wp\/v2\/comments?post=723404"}],"version-history":[{"count":0,"href":"https:\/\/www.europesays.com\/de\/wp-json\/wp\/v2\/posts\/723404\/revisions"}],"wp:featuredmedia":[{"embeddable":true,"href":"https:\/\/www.europesays.com\/de\/wp-json\/wp\/v2\/media\/723405"}],"wp:attachment":[{"href":"https:\/\/www.europesays.com\/de\/wp-json\/wp\/v2\/media?parent=723404"}],"wp:term":[{"taxonomy":"category","embeddable":true,"href":"https:\/\/www.europesays.com\/de\/wp-json\/wp\/v2\/categories?post=723404"},{"taxonomy":"post_tag","embeddable":true,"href":"https:\/\/www.europesays.com\/de\/wp-json\/wp\/v2\/tags?post=723404"}],"curies":[{"name":"wp","href":"https:\/\/api.w.org\/{rel}","templated":true}]}}