{"id":723438,"date":"2026-01-16T18:26:10","date_gmt":"2026-01-16T18:26:10","guid":{"rendered":"https:\/\/www.europesays.com\/de\/723438\/"},"modified":"2026-01-16T18:26:10","modified_gmt":"2026-01-16T18:26:10","slug":"wie-viele-fahrradbuegel-stehen-ungenutzt-in-kiel-herum","status":"publish","type":"post","link":"https:\/\/www.europesays.com\/de\/723438\/","title":{"rendered":"Wie viele Fahrradb\u00fcgel stehen ungenutzt in Kiel herum?"},"content":{"rendered":"<p class=\"Textstyled__Text-sc-1cqv9mi-0 cLyiiX\">Kiel. In der ersten Ratsversammlung des Jahres haben die Fraktionen nicht nur wie berichtet \u00fcber die anstehenden Dezernenten-Wahlen und den Sozialwohnungsbau in Kiel gestritten. Es ging auch um den Winterdienst, um Fahrradb\u00fcgel, um das MFG-5-Gel\u00e4nde und um einen Abschied. Eine \u00dcbersicht.<\/p>\n<p>Weiterlesen nach der Anzeige<\/p>\n<p>Weiterlesen nach der Anzeige<\/p>\n<p class=\"Textstyled__Text-sc-1cqv9mi-0 cLyiiX\">Der Winter ist in Kiel noch nicht vorbei, Schnee und Eis k\u00f6nnen in den n\u00e4chsten Wochen zur\u00fcckkehren. Damit nicht erneut <a href=\"https:\/\/www.kn-online.de\/lokales\/kiel\/eisglaette-in-kiel-busverkehr-eingestellt-LSR7O4YHD5CA3FKFMGR5FYYYJ4.html\" target=\"_self\" rel=\"noopener\" title=\"https:\/\/www.kn-online.de\/lokales\/kiel\/eisglaette-in-kiel-busverkehr-eingestellt-LSR7O4YHD5CA3FKFMGR5FYYYJ4.html\" data-vars-event-category=\"intext_link\" data-vars-event-action=\"click\" data-vars-event-label=\"https:\/\/www.kn-online.de\/lokales\/kiel\/eisglaette-in-kiel-busverkehr-eingestellt-LSR7O4YHD5CA3FKFMGR5FYYYJ4.html\">der Busverkehr ausfallen<\/a> muss, wie es zu Beginn des Jahres der Fall war, fordert die CDU-Fraktion eine Aufarbeitung der Ereignisse von Oberb\u00fcrgermeister Ulf K\u00e4mpfer (SPD), die im Februar vorgelegt werden soll.<\/p>\n<p>CDU-Antr\u00e4ge zu Winterdienst und Fahrradb\u00fcgeln in Kiel<\/p>\n<p class=\"Textstyled__Text-sc-1cqv9mi-0 cLyiiX\">Die Christdemokraten wollen unter anderem wissen, wie viele R\u00e4um- und Streufahrzeuge zur Verf\u00fcgung standen, was falsch lief und weshalb kein Grundangebot im Nahverkehr m\u00f6glich war, obwohl die Hauptrouten der Busse Priorit\u00e4t bei der R\u00e4umung genie\u00dfen. Sie erwarten eine Verbesserung und erhielten daf\u00fcr die volle Zustimmung der Ratsversammlung. Allerdings hatte K\u00e4mpfer <a href=\"https:\/\/www.kn-online.de\/lokales\/kiel\/schnee-stadt-kiel-passt-winterdienst-konzept-kurzfristig-an-56ITOEFL4FFK5JJIUA2RUA3IA4.html\" target=\"_self\" rel=\"noopener\" title=\"https:\/\/www.kn-online.de\/lokales\/kiel\/schnee-stadt-kiel-passt-winterdienst-konzept-kurzfristig-an-56ITOEFL4FFK5JJIUA2RUA3IA4.html\" data-vars-event-category=\"intext_link\" data-vars-event-action=\"click\" data-vars-event-label=\"https:\/\/www.kn-online.de\/lokales\/kiel\/schnee-stadt-kiel-passt-winterdienst-konzept-kurzfristig-an-56ITOEFL4FFK5JJIUA2RUA3IA4.html\">ohnehin angek\u00fcndigt<\/a>, der Kommunalpolitik in den n\u00e4chsten Wochen Vorschl\u00e4ge zur \u00c4nderung des Winterdienstes zu machen.<\/p>\n<p>Weiterlesen nach der Anzeige<\/p>\n<p>Weiterlesen nach der Anzeige<\/p>\n<blockquote><p>Die Evaluation soll aufzeigen, an welchen Standorten Fahrradb\u00fcgel regelm\u00e4\u00dfig und dauerhaft nicht oder nur sehr gering genutzt werden.<\/p><\/blockquote>\n<p class=\"Quotestyled__Author-sc-q277fq-1 iQZobn\">Carsten Rockstein (CDU)<\/p>\n<p class=\"Quotestyled__AuthorDescription-sc-q277fq-2 hQAqgn\">Fraktionsvorsitzender<\/p>\n<p class=\"Textstyled__Text-sc-1cqv9mi-0 cLyiiX\">Eine Portion Spott musste die CDU sich jedoch auch gefallen lassen, als es um einen weiteren ihrer Antr\u00e4ge ging. Demnach soll die Verwaltung einen Blick auf die <a href=\"https:\/\/www.kn-online.de\/lokales\/kiel\/fahrradbuegel-wird-aus-kiel-wellsee-geliefert-FQBF6D2FYB77R36IGPV6ZJI4IQ.html\" target=\"_self\" rel=\"noopener\" title=\"https:\/\/www.kn-online.de\/lokales\/kiel\/fahrradbuegel-wird-aus-kiel-wellsee-geliefert-FQBF6D2FYB77R36IGPV6ZJI4IQ.html\" data-vars-event-category=\"intext_link\" data-vars-event-action=\"click\" data-vars-event-label=\"https:\/\/www.kn-online.de\/lokales\/kiel\/fahrradbuegel-wird-aus-kiel-wellsee-geliefert-FQBF6D2FYB77R36IGPV6ZJI4IQ.html\">Fahrradb\u00fcgel in Kiel<\/a> werfen. \u201eDie Evaluation soll insbesondere aufzeigen, an welchen Standorten Fahrradb\u00fcgel regelm\u00e4\u00dfig und dauerhaft nicht oder nur sehr gering genutzt werden\u201c, hei\u00dft es darin. Ziel bei geringer Nutzung: R\u00fcckumwandlung in Parkpl\u00e4tze.<\/p>\n<p class=\"Textstyled__Text-sc-1cqv9mi-0 cLyiiX\">\u201eWenn wir die Gleichberechtigung aller Verkehrsteilnehmer wirklich ernst meinen, dann m\u00fcssen alle Ma\u00dfnahmen regelm\u00e4\u00dfig \u00fcberpr\u00fcft werden\u201c, sagte CDU-Ratsfraktionsvorsitzender Carsten Rockstein. Etwas ungl\u00e4ubig fragte J\u00fcrgen Meereis (Gr\u00fcne), ob der <a href=\"https:\/\/www.kn-online.de\/lokales\/kiel\/kommunaler-ordnungsdienst-kiel-einsatzaufkommen-von-kod-steigt-P7UMDSGXONBQ3KZPKVMMIIGK4Q.html\" target=\"_self\" rel=\"noopener\" title=\"https:\/\/www.kn-online.de\/lokales\/kiel\/kommunaler-ordnungsdienst-kiel-einsatzaufkommen-von-kod-steigt-P7UMDSGXONBQ3KZPKVMMIIGK4Q.html\" data-vars-event-category=\"intext_link\" data-vars-event-action=\"click\" data-vars-event-label=\"https:\/\/www.kn-online.de\/lokales\/kiel\/kommunaler-ordnungsdienst-kiel-einsatzaufkommen-von-kod-steigt-P7UMDSGXONBQ3KZPKVMMIIGK4Q.html\">Kommunale Ordnungsdienst<\/a> ausschw\u00e4rmen soll oder ob der Auftrag an einen externen Dienstleister gehe. Abgelehnt wurde der CDU-Antrag jedoch nicht, sondern an den Mobilit\u00e4tsausschuss verwiesen.<\/p>\n<p>Wo die Menschen vom Schusterkrug wohnen sollen<\/p>\n<p class=\"Textstyled__Text-sc-1cqv9mi-0 cLyiiX\">Auch die Einwohnerfragestunde wurde genutzt. Charlotte Spieler wollte unter anderem wissen, wo die Menschen aus der Gemeinschaftsunterkunft Schusterkrug im Fall eines <a href=\"https:\/\/www.kn-online.de\/lokales\/kiel\/kiel-bundeswehr-stellt-rueckkaufangebot-fuer-mfg-5-gelaende-vor-673C3UPNVFHELGCFZBVESDZATU.html\" target=\"_self\" rel=\"noopener\" title=\"https:\/\/www.kn-online.de\/lokales\/kiel\/kiel-bundeswehr-stellt-rueckkaufangebot-fuer-mfg-5-gelaende-vor-673C3UPNVFHELGCFZBVESDZATU.html\" data-vars-event-category=\"intext_link\" data-vars-event-action=\"click\" data-vars-event-label=\"https:\/\/www.kn-online.de\/lokales\/kiel\/kiel-bundeswehr-stellt-rueckkaufangebot-fuer-mfg-5-gelaende-vor-673C3UPNVFHELGCFZBVESDZATU.html\">Verkaufs des MFG-5-Gel\u00e4ndes<\/a> unterkommen. Es werde nach neuen Gemeinschaftsunterk\u00fcnften gesucht, antwortete Sozialdezernent Gerwin St\u00f6cken (SPD).<\/p>\n<p class=\"Textstyled__Text-sc-1cqv9mi-0 cLyiiX\">Zudem ist ein Teil der Wohnungen in den Mehrfamilienh\u00e4usern f\u00fcr Fl\u00fcchtlinge vorgesehen, die die Wohnungsgesellschaft Kiwog schnell <a href=\"https:\/\/www.kn-online.de\/lokales\/kiel\/kiel-treibt-serienbau-von-sozialwohnungen-voran-LDNPSPODINAQNOV5QQXFSO5P44.html\" target=\"_self\" rel=\"noopener\" title=\"https:\/\/www.kn-online.de\/lokales\/kiel\/kiel-treibt-serienbau-von-sozialwohnungen-voran-LDNPSPODINAQNOV5QQXFSO5P44.html\" data-vars-event-category=\"intext_link\" data-vars-event-action=\"click\" data-vars-event-label=\"https:\/\/www.kn-online.de\/lokales\/kiel\/kiel-treibt-serienbau-von-sozialwohnungen-voran-LDNPSPODINAQNOV5QQXFSO5P44.html\">in serieller Bauweise errichten<\/a> will. Diese H\u00e4user sollen auf Grundst\u00fccken an der Adelheidstra\u00dfe, am Steinmarderweg und am Ellerbeker Weg entstehen. Zudem suche die Stadt mit dem DRK-Projekt \u201eZukunft Wohnen\u201c auf dem Mietmarkt nach Wohnungen.<\/p>\n<p>Weiterlesen nach der Anzeige<\/p>\n<p>Weiterlesen nach der Anzeige<\/p>\n<p class=\"Textstyled__Text-sc-1cqv9mi-0 cLyiiX\">Bei den Gr\u00fcnen kommt es indes zu einem vorzeitigen Ausstieg: F\u00fcr den Ratsherrn Eike Selonke war es die letzte Sitzung. Er verl\u00e4sst die Ratsversammlung aus privaten Gr\u00fcnden zum Ende des Monats. F\u00fcr ihn r\u00fcckt Stephanie Burmester nach. Selonke geh\u00f6rte dem Gremium erst seit April 2024 an. Damals kam Selonke f\u00fcr Dirk Scheelje, der sein Mandat wegen eines Versto\u00dfes gegen die Gesch\u00e4ftsordnung aufgegeben hatte.<\/p>\n<p class=\"Editorialstyled__Editorial-sc-1bfvh9l-0 cSmjnJ\">KN<\/p>\n","protected":false},"excerpt":{"rendered":"Kiel. In der ersten Ratsversammlung des Jahres haben die Fraktionen nicht nur wie berichtet \u00fcber die anstehenden Dezernenten-Wahlen&hellip;\n","protected":false},"author":2,"featured_media":723439,"comment_status":"","ping_status":"","sticky":false,"template":"","format":"standard","meta":{"footnotes":""},"categories":[1852],"tags":[3364,29,548,663,3934,30,13,4949,14,15,12,1971],"class_list":{"0":"post-723438","1":"post","2":"type-post","3":"status-publish","4":"format-standard","5":"has-post-thumbnail","7":"category-kiel","8":"tag-de","9":"tag-deutschland","10":"tag-eu","11":"tag-europa","12":"tag-europe","13":"tag-germany","14":"tag-headlines","15":"tag-kiel","16":"tag-nachrichten","17":"tag-news","18":"tag-schlagzeilen","19":"tag-schleswig-holstein"},"share_on_mastodon":{"url":"https:\/\/pubeurope.com\/@de\/115906188730002452","error":""},"_links":{"self":[{"href":"https:\/\/www.europesays.com\/de\/wp-json\/wp\/v2\/posts\/723438","targetHints":{"allow":["GET"]}}],"collection":[{"href":"https:\/\/www.europesays.com\/de\/wp-json\/wp\/v2\/posts"}],"about":[{"href":"https:\/\/www.europesays.com\/de\/wp-json\/wp\/v2\/types\/post"}],"author":[{"embeddable":true,"href":"https:\/\/www.europesays.com\/de\/wp-json\/wp\/v2\/users\/2"}],"replies":[{"embeddable":true,"href":"https:\/\/www.europesays.com\/de\/wp-json\/wp\/v2\/comments?post=723438"}],"version-history":[{"count":0,"href":"https:\/\/www.europesays.com\/de\/wp-json\/wp\/v2\/posts\/723438\/revisions"}],"wp:featuredmedia":[{"embeddable":true,"href":"https:\/\/www.europesays.com\/de\/wp-json\/wp\/v2\/media\/723439"}],"wp:attachment":[{"href":"https:\/\/www.europesays.com\/de\/wp-json\/wp\/v2\/media?parent=723438"}],"wp:term":[{"taxonomy":"category","embeddable":true,"href":"https:\/\/www.europesays.com\/de\/wp-json\/wp\/v2\/categories?post=723438"},{"taxonomy":"post_tag","embeddable":true,"href":"https:\/\/www.europesays.com\/de\/wp-json\/wp\/v2\/tags?post=723438"}],"curies":[{"name":"wp","href":"https:\/\/api.w.org\/{rel}","templated":true}]}}