{"id":723444,"date":"2026-01-16T18:29:12","date_gmt":"2026-01-16T18:29:12","guid":{"rendered":"https:\/\/www.europesays.com\/de\/723444\/"},"modified":"2026-01-16T18:29:12","modified_gmt":"2026-01-16T18:29:12","slug":"buerger-reden-beim-blau-gruenen-band-mit","status":"publish","type":"post","link":"https:\/\/www.europesays.com\/de\/723444\/","title":{"rendered":"B\u00fcrger reden beim Blau-Gr\u00fcnen Band mit"},"content":{"rendered":"<p class=\"text_ohne_einzug richtext text-em-55 !leading-serif mx-6 desktop:mx-0\">Viele Anregungen und Ideen trugen die J\u00fcchener zusammen, die auf Einladung des Zweckverbands Landfolge Garzweiler zu einem Workshop in die St\u00e4dtische Kindertagesst\u00e4tte an der Weststra\u00dfe in Hochneukirch gekommen waren. Bei diesem Workshop ging es um die konkrete Gestaltung von drei Fl\u00e4chen im Stadtgebiet, die Teile des Blau-Gr\u00fcnen Bandes sind, das einmal das Gebiet des ehemaligen Tagebaus Garzweiler und des zuk\u00fcnftigen Restsees umspannen soll.<\/p>\n","protected":false},"excerpt":{"rendered":"Viele Anregungen und Ideen trugen die J\u00fcchener zusammen, die auf Einladung des Zweckverbands Landfolge Garzweiler zu einem Workshop&hellip;\n","protected":false},"author":2,"featured_media":723445,"comment_status":"","ping_status":"","sticky":false,"template":"","format":"standard","meta":{"footnotes":"","_share_on_mastodon":"0"},"categories":[1849],"tags":[36249,12612,3364,29,548,663,3934,61229,30,13188,29127,13,28684,26554,26920,4455,14,15,1209,12,7231,6990],"class_list":["post-723444","post","type-post","status-publish","format-standard","has-post-thumbnail","category-moenchengladbach","tag-blau","tag-buerger","tag-de","tag-deutschland","tag-eu","tag-europa","tag-europe","tag-garzweiler","tag-germany","tag-gestaltung","tag-ging","tag-headlines","tag-hochneukirch","tag-idee","tag-juechen","tag-moenchengladbach","tag-nachrichten","tag-news","tag-nordrhein-westfalen","tag-schlagzeilen","tag-weber","tag-workshop"],"share_on_mastodon":{"url":"https:\/\/pubeurope.com\/@de\/115906200560226741","error":""},"_links":{"self":[{"href":"https:\/\/www.europesays.com\/de\/wp-json\/wp\/v2\/posts\/723444","targetHints":{"allow":["GET"]}}],"collection":[{"href":"https:\/\/www.europesays.com\/de\/wp-json\/wp\/v2\/posts"}],"about":[{"href":"https:\/\/www.europesays.com\/de\/wp-json\/wp\/v2\/types\/post"}],"author":[{"embeddable":true,"href":"https:\/\/www.europesays.com\/de\/wp-json\/wp\/v2\/users\/2"}],"replies":[{"embeddable":true,"href":"https:\/\/www.europesays.com\/de\/wp-json\/wp\/v2\/comments?post=723444"}],"version-history":[{"count":0,"href":"https:\/\/www.europesays.com\/de\/wp-json\/wp\/v2\/posts\/723444\/revisions"}],"wp:featuredmedia":[{"embeddable":true,"href":"https:\/\/www.europesays.com\/de\/wp-json\/wp\/v2\/media\/723445"}],"wp:attachment":[{"href":"https:\/\/www.europesays.com\/de\/wp-json\/wp\/v2\/media?parent=723444"}],"wp:term":[{"taxonomy":"category","embeddable":true,"href":"https:\/\/www.europesays.com\/de\/wp-json\/wp\/v2\/categories?post=723444"},{"taxonomy":"post_tag","embeddable":true,"href":"https:\/\/www.europesays.com\/de\/wp-json\/wp\/v2\/tags?post=723444"}],"curies":[{"name":"wp","href":"https:\/\/api.w.org\/{rel}","templated":true}]}}