{"id":723460,"date":"2026-01-16T18:38:26","date_gmt":"2026-01-16T18:38:26","guid":{"rendered":"https:\/\/www.europesays.com\/de\/723460\/"},"modified":"2026-01-16T18:38:26","modified_gmt":"2026-01-16T18:38:26","slug":"neuer-kunstrasen-kommt-im-herbst-loensweg-halle-erst-ab-2028","status":"publish","type":"post","link":"https:\/\/www.europesays.com\/de\/723460\/","title":{"rendered":"Neuer Kunstrasen kommt im Herbst \u2013 L\u00f6nsweg-Halle erst ab 2028"},"content":{"rendered":"<ol class=\"id-DonaldBreadcrumb lp_west_breadcrumb id-DonaldBreadcrumb--default\" data-k5a-pos=\"west_breadcrumb\">\n<li class=\"id-Breadcrumb-item\"><a href=\"https:\/\/www.kreiszeitung.de\/\" class=\"id-Breadcrumb-link\" data-id-ec=\"{\" shn=\"\" textlink=\"\" data-k5a-pos=\"1_startseite\" target=\"_blank\" rel=\"noopener\">Startseite<\/a><\/li>\n<li class=\"id-Breadcrumb-item\"><a href=\"https:\/\/www.kreiszeitung.de\/sport\/\" class=\"id-Breadcrumb-link\" data-id-ec=\"{\" shn=\"\" textlink=\"\" data-k5a-pos=\"2_sport\" target=\"_blank\" rel=\"noopener\">Sport<\/a><\/li>\n<li class=\"id-Breadcrumb-item\"><a href=\"https:\/\/www.kreiszeitung.de\/sport\/lokalsport\/\" class=\"id-Breadcrumb-link\" data-id-ec=\"{\" shn=\"\" textlink=\"\" data-k5a-pos=\"3_lokalsport\" target=\"_blank\" rel=\"noopener\">Lokalsport<\/a><\/li>\n<li class=\"id-Breadcrumb-item\"><a href=\"https:\/\/www.kreiszeitung.de\/sport\/lokalsport\/kreis-verden\/\" class=\"id-Breadcrumb-link\" data-id-ec=\"{\" shn=\"\" textlink=\"\" verden=\"\" data-k5a-pos=\"4_kreisVerden\" target=\"_blank\" rel=\"noopener\">Kreis Verden<\/a><\/li>\n<\/ol>\n<p class=\"id-Story-timestamp id-Story-timestamp--default\">Stand: 16.01.2026, 17:00 Uhr<\/p>\n<p class=\"id-Story-authors id-Story-authors--default\">Von: <a class=\"id-Story-authors-link lp_west_author\" href=\"https:\/\/www.kreiszeitung.de\/autor\/katrin-preuss-k7hov97oh.html\" title=\"Zur Autorenseite von Katrin Preu&#xDF;\" data-id-ec=\"{\" shn=\"\" author-link=\"\" preu=\"\" data-k5a-pos=\"west_author\" target=\"_blank\" rel=\"noopener\">Katrin Preu\u00df<\/a><\/p>\n<p class=\"id-Story-interactionBar id-Story-interactionBar--default\">DruckenTeilen<\/p>\n<p><img decoding=\"async\" class=\"id-RatioPlaceholder-element wv_story_el_image\" src=\"https:\/\/www.europesays.com\/de\/wp-content\/uploads\/2026\/01\/41131495-eine-skateranlage-im-hintergrund-hinter-einem-zaun-ist-ein-schulbau-erkennbar-77a.jpg\" loading=\"eager\" fetchpriority=\"high\"   height=\"792\" width=\"1408\" alt=\"eine Skateranlage, im Hintergrund hinter einem Zaun ist ein Schulbau erkennbar  \"\/>Auf dem Gel\u00e4nde der jetzigen Skateranlage soll die neue Sporthalle entstehen. Baustart wird aber fr\u00fchestens 2028 sein.  \u00a9\u00a0Preu\u00df<\/p>\n<p class=\"id-StoryElement-leadText\">Der Kunstrasenplatz am Saumurplatz soll bereits im Oktober fertig sein. Die neue L\u00f6nsweg-Halle l\u00e4sst dagegen noch Jahre auf sich warten.<\/p>\n<p class=\"id-StoryElement-paragraph\">Sie hat 57 Jahre auf dem Buckel, entspricht mit ihrem Spielfeld von 20 mal 40 Metern nicht der Din 18032, ist weder ged\u00e4mmt noch barrierefrei. Sie zu sanieren, energetisch und technisch auf den neuesten Stand zu bringen, w\u00e4re jedoch mit zu hohen Kosten verbunden. Und so fasste der Rat der Stadt Verden bereits im Juni 2019 den Beschluss, die Sporthalle der Grundschule am L\u00f6nsweg durch einen Neubau zu ersetzen. <\/p>\n<p><img decoding=\"async\" class=\"id-RatioPlaceholder-element wv_story_el_image\" src=\"https:\/\/www.europesays.com\/de\/wp-content\/uploads\/2026\/01\/41142191-zwei-maenner-die-ein-stueck-kunstrasen-betrachten-OPBG.jpg\" loading=\"lazy\"   height=\"1461\" width=\"1100\" alt=\"Zwei M&#xE4;nner, die ein St&#xFC;ck Kunstrasen betrachten \"\/>Kritisch be\u00e4ugen Borstels Ortsb\u00fcrgermeister Ralf Ziesen\u00ed\u00df (l.) und Ortsratmitglied Christian Thies die Kunstrasenprobe.  \u00a9\u00a0Preu\u00df<\/p>\n<p class=\"id-StoryElement-paragraph\">Dann war erst einmal Ruhe im Karton, bis sich im Juni 2024 die au\u00dferschulischen Nutzer, darunter Boxer, T\u00e4nzer, Rollsportler und Leichtathleten, im Rahmen eines Beteiligungstermins zu ihren Bedarfen \u00e4u\u00dfern konnten. Nun kommt weitere Bewegung in die Angelegenheit, besteht doch die M\u00f6glichkeit, F\u00f6rdermittel zu bekommen. Und so befasste sich am Donnerstagabend der st\u00e4dtische Ausschuss f\u00fcr Schule und Sport mit dem Thema. <\/p>\n<blockquote class=\"id-StoryElement-blockquote\">\n<p class=\"id-StoryElement-blockquote-text\">Das leidige w\u00f6chentliche B\u00fcrsten entf\u00e4llt. <\/p>\n<\/blockquote>\n<p class=\"id-StoryElement-paragraph\">Mit rund 3,7 Millionen Euro aus dem Bundestopf \u201eSanierung kommunaler Sportst\u00e4tten\u201c kalkuliert die Stadtverwaltung, denn unter gewissen Voraussetzungen gibt es auch Geld f\u00fcr Neubauten. Als Standort ist das Gel\u00e4nde der jetzigen Skateranlage vorgesehen. Rampen und Halfpipes sollen versetzt werden auf eine stadteigene Fl\u00e4che \u00f6stlich der Halle 57. <\/p>\n<p class=\"id-StoryElement-paragraph\">Die Kosten f\u00fcr die neue Schul- und Vereinssporthalle belaufen sich aktuell auf 8,3 Millionen Euro. Entstehen soll daf\u00fcr eine 22 mal 44 Meter messende Halle, die per Vorhang in zwei Spielfelder aufgeteilt werden kann, mit ausreichend Platz f\u00fcr Umkleiden, Ger\u00e4te und Technik. <\/p>\n<p class=\"id-StoryElement-paragraph\">Dass die Stadt bereit ist, diese Summe im Rahmen der Ko-Finanzierung aufzubringen, ist eine Bedingung f\u00fcr die Bewilligung der F\u00f6rdermittel. Das entsprechende Votum gab der Ausschuss am Donnerstag einstimmig. Bis Geld flie\u00dft, wird aber noch geraume Zeit ins Land gehen. Acht bis zehn Monate, so sagte der zust\u00e4ndige Fachbereichsmitarbeiter Bastian Ehlers, brauche der Bund f\u00fcr seine Entscheidung. Rechnet man noch die Planungs- und Genehmigungsphase hinzu, ist mit einem Baustart nicht vor 2028 zu rechnen. <\/p>\n<p class=\"id-StoryElement-paragraph\">Wesentlich schneller soll es da gehen mit dem Bau eines zweiten Kunstrasenplatzes am Saumurplatz. Sp\u00e4testens im Oktober oder November k\u00f6nnte das Kicken auf dem neuen Allwetterplatz m\u00f6glich sein, so der Landschaftsplaner Niels Blatt. Gr\u00f6\u00dfte Unw\u00e4gbarkeit bei der Einhaltung des Zeitplans ist die Lieferung des Rasenteppichs neuester Bauart. <\/p>\n<p class=\"id-StoryElement-paragraph\">Lange Zeit war es \u00fcblich, Kunstrasen mit sogenannten Infills zum Beschweren \u2013 EPDM-Granulat und Sand \u2013 zu verlegen. Gerade wegen des Kautschuk-Granulats sei diese Bauweise aber in Verruf geraten, berichtet der Fachmann. Denn die kleinen Partikel verteilten sich \u201ein der Landschaft\u201c, wie Blatt im Ausschuss erkl\u00e4rte. Der Experte empfahl daher den Einbau eines Kunstrasens neuester Generation und z\u00e4hlte dessen Vorteile auf.<\/p>\n<p class=\"id-StoryElement-paragraph\">Das 38 Millimeter starke Produkt komme g\u00e4nzlich ohne Infills aus, sodass auch kein Nachf\u00fcllen von Sand erforderlich sei. Und schon beim Bau w\u00fcrden bis zu 20 Lkw-Ladungen gespart. Zudem werde der Kunstrasen nicht mehr verklebt, sondern nur eingeklemmt. \u201eDas macht die Auswechslung leichter\u201c, so Blatt. Die Fu\u00dfballer k\u00f6nnen beim Spielen ganz normale Stollenschuhe tragen. Dennoch sei das Material langlebiger und erheblich pflegeleichter. Niels Blatt: \u201eDas leidige w\u00f6chentliche B\u00fcrsten entf\u00e4llt.\u201c<\/p>\n<p class=\"id-StoryElement-paragraph\">Nach diesen Auff\u00fchrungen hatten weder der Ausschuss noch der zu diesem Thema hinzugeladene Borsteler Ortrat Bedenken, dem 1,14 Millionen Euro teuren Projekt zuzustimmen. Einzig die beiden Gr\u00fcnen-Vertreterinnen enthielten sich der Stimme, da ihre Fraktion grunds\u00e4tzliche Vorbehalte gegen\u00fcber k\u00fcnstlichem Rasen hat. Daran \u00e4nderte auch der Hinweis Blatts nichts, dass das vorgesehene Produkt zu 95 Prozent recycelbar sei. <\/p>\n","protected":false},"excerpt":{"rendered":"Startseite Sport Lokalsport Kreis Verden Stand: 16.01.2026, 17:00 Uhr Von: Katrin Preu\u00df DruckenTeilen Auf dem Gel\u00e4nde der jetzigen&hellip;\n","protected":false},"author":2,"featured_media":723461,"comment_status":"","ping_status":"","sticky":false,"template":"","format":"standard","meta":{"footnotes":""},"categories":[1841],"tags":[1605,3364,29,30,1209],"class_list":{"0":"post-723460","1":"post","2":"type-post","3":"status-publish","4":"format-standard","5":"has-post-thumbnail","7":"category-bielefeld","8":"tag-bielefeld","9":"tag-de","10":"tag-deutschland","11":"tag-germany","12":"tag-nordrhein-westfalen"},"share_on_mastodon":{"url":"https:\/\/pubeurope.com\/@de\/115906235912491107","error":""},"_links":{"self":[{"href":"https:\/\/www.europesays.com\/de\/wp-json\/wp\/v2\/posts\/723460","targetHints":{"allow":["GET"]}}],"collection":[{"href":"https:\/\/www.europesays.com\/de\/wp-json\/wp\/v2\/posts"}],"about":[{"href":"https:\/\/www.europesays.com\/de\/wp-json\/wp\/v2\/types\/post"}],"author":[{"embeddable":true,"href":"https:\/\/www.europesays.com\/de\/wp-json\/wp\/v2\/users\/2"}],"replies":[{"embeddable":true,"href":"https:\/\/www.europesays.com\/de\/wp-json\/wp\/v2\/comments?post=723460"}],"version-history":[{"count":0,"href":"https:\/\/www.europesays.com\/de\/wp-json\/wp\/v2\/posts\/723460\/revisions"}],"wp:featuredmedia":[{"embeddable":true,"href":"https:\/\/www.europesays.com\/de\/wp-json\/wp\/v2\/media\/723461"}],"wp:attachment":[{"href":"https:\/\/www.europesays.com\/de\/wp-json\/wp\/v2\/media?parent=723460"}],"wp:term":[{"taxonomy":"category","embeddable":true,"href":"https:\/\/www.europesays.com\/de\/wp-json\/wp\/v2\/categories?post=723460"},{"taxonomy":"post_tag","embeddable":true,"href":"https:\/\/www.europesays.com\/de\/wp-json\/wp\/v2\/tags?post=723460"}],"curies":[{"name":"wp","href":"https:\/\/api.w.org\/{rel}","templated":true}]}}