{"id":723479,"date":"2026-01-16T18:50:28","date_gmt":"2026-01-16T18:50:28","guid":{"rendered":"https:\/\/www.europesays.com\/de\/723479\/"},"modified":"2026-01-16T18:50:28","modified_gmt":"2026-01-16T18:50:28","slug":"basketball-gaensehaut-fuer-die-wagners-als-vorgeschmack-auf-nba-europe-sport","status":"publish","type":"post","link":"https:\/\/www.europesays.com\/de\/723479\/","title":{"rendered":"Basketball &#8211; G\u00e4nsehaut f\u00fcr die Wagners &#8211; als Vorgeschmack auf NBA Europe? &#8211; Sport"},"content":{"rendered":"<p data-manual=\"paragraph\" data-schema-org-speakable=\"true\" class=\"css-1eosz7k\"><a href=\"https:\/\/www.sueddeutsche.de\/thema\/Berlin\" rel=\"nofollow noopener\" target=\"_blank\">Berlin<\/a> (dpa) &#8211; Schwer ergriffen umarmte <a href=\"https:\/\/www.sueddeutsche.de\/thema\/Basketball\" rel=\"nofollow noopener\" target=\"_blank\">Basketball<\/a>-Star Moritz Wagner nach dem emotionalen <a href=\"https:\/\/www.sueddeutsche.de\/thema\/NBA\" rel=\"nofollow noopener\" target=\"_blank\">NBA<\/a>-Heimsieg in Berlin seine Familie. Der Weltmeister genoss ausgiebig die Atmosph\u00e4re in der ausverkauften Halle, die ihm und seinem Bruder Franz bei ihrer R\u00fcckkehr unvergessliche Momente bereitet hatte. \u201eIch bin ja selber ein deutscher Fan. Da kriege ich G\u00e4nsehaut, wenn ich das sehe. Und danach kommt der Gedanke, dass ich Teil dessen bin. Das ist eine riesige emotionale \u00dcberforderung\u201c, sagte der 28-J\u00e4hrige.<\/p>\n<p data-manual=\"paragraph\" data-schema-org-speakable=\"true\" class=\"css-1eosz7k\">Mit dem gro\u00dfen NBA-Tross ziehen die Wagner-Br\u00fcder jetzt weiter nach London. F\u00fcr die Fans in ihrer Geburtsstadt Berlin k\u00f6nnten \u00e4hnliche Basketball-Spektakel bald h\u00e4ufiger anstehen. Franz und Moritz Wagner tummelten sich beim ersten Saisonspiel in <a href=\"https:\/\/www.sueddeutsche.de\/thema\/Deutschland\" rel=\"nofollow noopener\" target=\"_blank\">Deutschland<\/a> als heimische Helden im Auge des NBA-Sturms in der Hauptstadt.\u00a0<\/p>\n<p data-manual=\"paragraph\" data-schema-org-speakable=\"true\" class=\"css-1eosz7k\">\u201eDie Aufmerksamkeit, die wir jetzt bekommen, ich wei\u00df gar nicht, ob die gesund ist. Ich freue mich dann auch, wenn das jetzt ein bisschen wieder runtergeht\u201c, sagte Moritz Wagner.<\/p>\n<p><img decoding=\"async\" src=\"https:\/\/www.europesays.com\/de\/wp-content\/uploads\/2026\/01\/772cc392-a1c9-493e-b8be-e146fcb1e25a.jpg\"   alt=\"Der Promi-Faktor war gegeben: Dirk Nowitzki (l) und Thomas M\u00fcller am Spielfeldrand.\" loading=\"lazy\" class=\"css-8atqhb\"\/>Der Promi-Faktor war gegeben: Dirk Nowitzki (l) und Thomas M\u00fcller am Spielfeldrand. (Foto: Andreas Gora\/dpa)<\/p>\n<p data-manual=\"paragraph\" data-schema-org-speakable=\"true\" class=\"css-1eosz7k\">Lange hatten die Br\u00fcder von den Orlando Magic um ihren Einsatz bangen m\u00fcssen, am Ende gab es das gro\u00dfe Happy End. Die Basketball-Legenden Dirk Nowitzki und Detlef Schrempf als Anheizer, die Fu\u00dfball-Gr\u00f6\u00dfen J\u00fcrgen Klopp und Thomas M\u00fcller als Fans am Spielfeldrand.\u00a0<\/p>\n<p data-manual=\"paragraph\" data-schema-org-speakable=\"true\" class=\"css-1eosz7k\">Gemeinsam mit ihrem Team um Nationalmannschaftskollege Tristan da Silva gelang den Br\u00fcdern die Aufholjagd gegen die Memphis Grizzlies. \u201eEs f\u00fchlte sich wie ein echtes Heimspiel an\u201c, sagte Franz Wagner. \u201eIch denke, ich brauche ein paar Wochen, zu reflektieren.\u201c\u00a0<\/p>\n<p><img decoding=\"async\" src=\"https:\/\/www.europesays.com\/de\/wp-content\/uploads\/2026\/01\/51d2fa80-a505-4686-b22d-b14c39ab9fbf.jpg\"   alt=\"Drei Deutsche dabei: Da Silva (l) neben Moritz (M) und Franz Wagner.\" loading=\"lazy\" class=\"css-8atqhb\"\/>Drei Deutsche dabei: Da Silva (l) neben Moritz (M) und Franz Wagner. (Foto: Soeren Stache\/dpa)<\/p>\n<p data-manual=\"paragraph\" data-schema-org-speakable=\"true\" class=\"css-1eosz7k\">F\u00fcr die NBA war es auch ein Testlauf f\u00fcr ein Projekt, dass Liga-Commissioner Adam Silver vor der Partie als \u201edie echte Schwerstarbeit\u201c bezeichnete. Schon im Oktober 2027 will die NBA in Zusammenarbeit mit dem Weltverband Fiba eine eigene Liga in Europa an den Start bringen.<\/p>\n<p>Wird Alba Berlin Teil der NBA Europe?<\/p>\n<p data-manual=\"paragraph\" data-schema-org-speakable=\"true\" class=\"css-1eosz7k\">Ob die deutsche Hauptstadt eine der festen Franchises in der Liga kriegt, lie\u00df Silver auch in Berlin offen. Was er \u00fcber Alba sagte, lie\u00df aber wenig Zweifel daran, dass der Club zum engsten Kandidatenkreis geh\u00f6rt. \u201eSie sind das Vorbild f\u00fcr die Art von Club, die wir uns in einer m\u00f6glichen europ\u00e4ischen Liga w\u00fcnschen w\u00fcrden\u201c, sagte Silver.\u00a0<\/p>\n<p data-manual=\"paragraph\" data-schema-org-speakable=\"true\" class=\"css-1eosz7k\">Der 63-J\u00e4hrige f\u00fchrte in Berlin auch Gespr\u00e4che mit Marco Baldi und Axel Schweitzer von Alba. Die Berliner selbst lassen wenig Zweifel an ihren Ambitionen. Der zweite gro\u00dfe deutsche Kandidat Bayern M\u00fcnchen, der aktuell noch in der Euroleague spielt, h\u00e4lt sich \u00f6ffentlich bedeckter.<\/p>\n<p><img decoding=\"async\" src=\"https:\/\/www.europesays.com\/de\/wp-content\/uploads\/2026\/01\/bd84ea4f-5a0b-4099-a661-029274eb53e1.jpg\"   alt=\"Adam Silver sieht viel Potenzial in Europa.\" loading=\"lazy\" class=\"css-8atqhb\"\/>Adam Silver sieht viel Potenzial in Europa. (Foto: Soeren Stache\/dpa)Wie werden die Pl\u00e4ne vorangetrieben?<\/p>\n<p data-manual=\"paragraph\" data-schema-org-speakable=\"true\" class=\"css-1eosz7k\">In dieser Woche beginnt die NBA intensive Gespr\u00e4che mit Interessenten, die ein Team in der Liga stellen wollen. Investoren, bestehende Basketballteams und Fu\u00dfballteams, \u201edie sehr daran interessiert sind, ein Basketballprogramm als Teil der NBA Europe aufzubauen\u201c sind dabei, sagte George Aivazoglou, Gesch\u00e4ftsf\u00fchrer der NBA f\u00fcr Europa. Dem Vernehmen nach soll es schon in den kommenden Wochen Neuigkeiten zu den vielen noch offenen Details geben.<\/p>\n<p data-manual=\"paragraph\" data-schema-org-speakable=\"true\" class=\"css-1eosz7k\">Die NBA gibt sich extrem optimistisch und sieht riesiges Wachstumspotenzial in Westeuropa, insbesondere auch in Deutschland. \u201eWir sind derzeit die am schnellsten wachsende Sportart in diesem Land\u201c, erkl\u00e4rte Silver. \u201eWenn ich glauben w\u00fcrde, dass die Obergrenze die bestehende Euroleague und das Interesse ihrer Fans w\u00e4re, w\u00fcrden wir nicht so viel Zeit und Aufmerksamkeit in dieses Projekt investieren.\u201c\u00a0<\/p>\n<p data-manual=\"paragraph\" data-schema-org-speakable=\"true\" class=\"css-1eosz7k\">Die Finanzierung soll anfangs von den Mitgliedsclubs der Liga kommen. Kolportierte Preise von bis zu einer Milliarde Euro f\u00fcr ein Startrecht kommentiert die NBA nicht. Es w\u00e4ren in der H\u00f6he einzigartige Investments im europ\u00e4ischen Basketball.\u00a0<\/p>\n<p data-manual=\"paragraph\" data-schema-org-speakable=\"true\" class=\"css-1eosz7k\">Dass eine europ\u00e4ische K\u00f6nigsklasse im Basketball wirtschaftlich rentabel sein kann, gilt es noch nachzuweisen. Die NBA will einen langen Atem haben. \u201eIch denke, wenn wir diese neue Liga erfolgreich starten w\u00fcrden, w\u00fcrde es eine Weile dauern, bis sie ein rentables kommerzielles Unternehmen w\u00e4re\u201c, sagte Silver.<\/p>\n<p>L\u00e4uft es auf einen Konflikt mit der Euroleague hinaus?<\/p>\n<p data-manual=\"paragraph\" data-schema-org-speakable=\"true\" class=\"css-1eosz7k\">Die Euroleague ist aktuell noch der Platzhirsch und will diesen Platz sicher nicht abgeben. Ger\u00fcchte \u00fcber ein drohendes juristisches Gepl\u00e4nkel moderierte Silver erst einmal ab. \u201eIch schicke die juristischen Schreiben an meine Anw\u00e4lte, damit sie sich darum k\u00fcmmern\u201c, sagte er etwas scherzhaft. \u201eIch glaube keineswegs, dass ein Konflikt unvermeidlich ist.\u201c\u00a0<\/p>\n<p><img decoding=\"async\" src=\"https:\/\/www.europesays.com\/de\/wp-content\/uploads\/2026\/01\/79d31a23-9a15-47d8-8689-2d7cdebc6418.jpg\"   alt=\"Franz Wagner ist die europ\u00e4ische Basketball-Tradition wichtig.\" loading=\"lazy\" class=\"css-8atqhb\"\/>Franz Wagner ist die europ\u00e4ische Basketball-Tradition wichtig. (Foto: Andreas Gora\/dpa)Was sagen die deutschen Basketball-Stars?<\/p>\n<p data-manual=\"paragraph\" data-schema-org-speakable=\"true\" class=\"css-1eosz7k\">Nowitzki und Franz Wagner finden die Idee spannend, hoffen aber, dass die europ\u00e4ische Basketball-Kultur der Fokus bleibt. Dass einige Pl\u00e4tze in der Liga anders als in der NBA und der Euroleague \u00fcber sportlichen Wettbewerb vergeben werden sollen, hob Nowitzki im Gespr\u00e4ch mit der Deutschen Presse-Agentur hervor. \u201eEs macht unsere europ\u00e4ische Sportkultur aus mit Absteigen und Aufsteigen\u201c, sagte der 47-J\u00e4hrige, der als TV-Experte f\u00fcr Prime Video in Berlin dabei war.<\/p>\n<p data-manual=\"paragraph\" data-schema-org-speakable=\"true\" class=\"css-1eosz7k\">Wagner sagte: \u201eDie Teamkultur und die Fankultur, die wir in Europa haben, sind gro\u00dfartig.\u201c Die Herausforderung sei, das beizubehalten und den Sport trotzdem wachsen zu lassen. \u201eEs geht nicht immer nur ums Geld, aber wir m\u00f6chten, dass die Menschen das Spiel sehen, das wir alle lieben\u201c, sagte der 24-J\u00e4hrige.<\/p>\n<p data-manual=\"paragraph\" data-schema-org-speakable=\"true\" class=\"css-1eosz7k\">\u00a9 dpa-infocom, dpa:260116-930-554178\/1<\/p>\n","protected":false},"excerpt":{"rendered":"Berlin (dpa) &#8211; Schwer ergriffen umarmte Basketball-Star Moritz Wagner nach dem emotionalen NBA-Heimsieg in Berlin seine Familie. Der&hellip;\n","protected":false},"author":2,"featured_media":723480,"comment_status":"","ping_status":"","sticky":false,"template":"","format":"standard","meta":{"footnotes":"","_share_on_mastodon":"0"},"categories":[3933],"tags":[331,332,147,2493,296,1890,29,548,663,158,3934,3935,13,88990,14,15918,15,18973,12,265,149,2247,64],"class_list":["post-723479","post","type-post","status-publish","format-standard","has-post-thumbnail","category-eu","tag-aktuelle-nachrichten","tag-aktuelle-news","tag-ausland","tag-basketball","tag-berlin","tag-brandenburg","tag-deutschland","tag-eu","tag-europa","tag-europaeische-union","tag-europe","tag-european-union","tag-headlines","tag-memphis-grizzlies","tag-nachrichten","tag-nba","tag-news","tag-orlando-magic","tag-schlagzeilen","tag-sport","tag-sueddeutsche-zeitung","tag-uber-arena","tag-usa"],"share_on_mastodon":{"url":"https:\/\/pubeurope.com\/@de\/115906283253636716","error":""},"_links":{"self":[{"href":"https:\/\/www.europesays.com\/de\/wp-json\/wp\/v2\/posts\/723479","targetHints":{"allow":["GET"]}}],"collection":[{"href":"https:\/\/www.europesays.com\/de\/wp-json\/wp\/v2\/posts"}],"about":[{"href":"https:\/\/www.europesays.com\/de\/wp-json\/wp\/v2\/types\/post"}],"author":[{"embeddable":true,"href":"https:\/\/www.europesays.com\/de\/wp-json\/wp\/v2\/users\/2"}],"replies":[{"embeddable":true,"href":"https:\/\/www.europesays.com\/de\/wp-json\/wp\/v2\/comments?post=723479"}],"version-history":[{"count":0,"href":"https:\/\/www.europesays.com\/de\/wp-json\/wp\/v2\/posts\/723479\/revisions"}],"wp:featuredmedia":[{"embeddable":true,"href":"https:\/\/www.europesays.com\/de\/wp-json\/wp\/v2\/media\/723480"}],"wp:attachment":[{"href":"https:\/\/www.europesays.com\/de\/wp-json\/wp\/v2\/media?parent=723479"}],"wp:term":[{"taxonomy":"category","embeddable":true,"href":"https:\/\/www.europesays.com\/de\/wp-json\/wp\/v2\/categories?post=723479"},{"taxonomy":"post_tag","embeddable":true,"href":"https:\/\/www.europesays.com\/de\/wp-json\/wp\/v2\/tags?post=723479"}],"curies":[{"name":"wp","href":"https:\/\/api.w.org\/{rel}","templated":true}]}}