{"id":723584,"date":"2026-01-16T19:48:17","date_gmt":"2026-01-16T19:48:17","guid":{"rendered":"https:\/\/www.europesays.com\/de\/723584\/"},"modified":"2026-01-16T19:48:17","modified_gmt":"2026-01-16T19:48:17","slug":"warum-es-zweifel-am-erfolg-der-aktion-gibt","status":"publish","type":"post","link":"https:\/\/www.europesays.com\/de\/723584\/","title":{"rendered":"Warum es Zweifel am Erfolg der Aktion gibt"},"content":{"rendered":"<p>Science comes to town <\/p>\n<p>Wird 2026 die Sternstunde Kieler Wissenschaft? Zweifel sind angebracht<\/p>\n<p class=\"Textstyled__Text-sc-1cqv9mi-0 cLyiiX ArticleHeadstyled__ArticleSubHeadline-sc-tdzyy5-11 fXdZot\">Wissenschaft soll 2026 mit der Initiative \u201eScience comes to town\u201c \u00fcberall in Kiel sp\u00fcrbar werden. Doch an dem Prestigeprojekt gibt es Zweifel. Ist das Wissenschaftsjahr innovativ \u2013 oder ein Jahr voller Wiederholungen? <\/p>\n<p class=\"Textstyled__Text-sc-1cqv9mi-0 cLyiiX\">Kiel. Die ganze Welt blickt 2026 auf die Wissenschaft in Kiel: Gemeinsam mit Brest und Split will die Landeshauptstadt als Austragungsort der Initiative \u201eScience comes to town\u201c ein \u201eFeuerwerk der Ideen\u201c z\u00fcnden. Mit mehr als 1000 Veranstaltungen, 70 Partnereinrichtungen und einer F\u00f6rderung in H\u00f6he von sechs Millionen Euro wollen die drei St\u00e4dte zeigen, wie sehr Forschung unser aller Leben betrifft. Gro\u00dfe Worte, gro\u00dfe Erwartungen. Doch ist das wirklich die Sternstunde der Wissenschaft in Kiel \u2013 oder nur ein neues Etikett f\u00fcr Altbekanntes?<\/p>\n<p>Weiterlesen nach der Anzeige<\/p>\n<p>Weiterlesen nach der Anzeige<\/p>\n<p class=\"Textstyled__Text-sc-1cqv9mi-0 cLyiiX\">Ein Blick auf das Programm spricht eher f\u00fcr Letzteres: Viele der geplanten Aktionen von <a href=\"https:\/\/www.kn-online.de\/lokales\/kiel\/science-comes-to-town-2026-in-kiel-1000-aktionen-rund-um-wissenschaft-T3JWTHFAM5E75HT7FWFRY6FJZA.html\" target=\"_self\" rel=\"noopener\" title=\"https:\/\/www.kn-online.de\/lokales\/kiel\/science-comes-to-town-2026-in-kiel-1000-aktionen-rund-um-wissenschaft-T3JWTHFAM5E75HT7FWFRY6FJZA.html\" data-vars-event-category=\"intext_link\" data-vars-event-action=\"click\" data-vars-event-label=\"https:\/\/www.kn-online.de\/lokales\/kiel\/science-comes-to-town-2026-in-kiel-1000-aktionen-rund-um-wissenschaft-T3JWTHFAM5E75HT7FWFRY6FJZA.html\">\u201eScience comes to town\u201c<\/a> sind nicht neu. Um genau zu sein: rund 165 der bislang 250 in Kiel angek\u00fcndigten Veranstaltungen. Die \u201eNight of the Profs\u201c oder die Ringvorlesungen an der Christian-Albrechts-Universit\u00e4t zu Kiel (CAU) begeistern zum Beispiel seit vielen Jahren. Der gr\u00f6\u00dfte Mehrwert liegt bisher vorwiegend in der B\u00fcndelung in einem gemeinsamen Kalender. Nach Aufbruch und Innovationsschub klingt das nicht.<\/p>\n<p>Kiel sendet mit \u201eScience comes to town\u201c Signal als relevanter Wissenschaftsstandort<\/p>\n<p class=\"Textstyled__Text-sc-1cqv9mi-0 cLyiiX\">Und doch w\u00e4re es zu kurz gegriffen, \u201eScience comes to town\u201c als reine Marketingaktion abzutun. Ein Wissenschaftsjahr kann eine ganz andere Wirkung entfalten als einzelne Aktionstage. Es kann die verschiedenen Projekte in der Forschung erstmals in einem gemeinsamen Kontext sichtbar machen. So liegt der Fokus nicht nur wie sonst auf den Hochschulen und Exzellenzclustern, sondern ebenfalls auf den vielen Forschungsinstituten in der Landeshauptstadt. <\/p>\n<p>Weiterlesen nach der Anzeige<\/p>\n<p>Weiterlesen nach der Anzeige<\/p>\n<p class=\"Textstyled__Text-sc-1cqv9mi-0 cLyiiX\">Abseits davon, ist das Projekt eine Auszeichnung f\u00fcr <a href=\"https:\/\/www.kn-online.de\/lokales\/kiel\/\" target=\"_self\" rel=\"noopener\" title=\"https:\/\/www.kn-online.de\/lokales\/kiel\/\" data-vars-event-category=\"intext_link\" data-vars-event-action=\"click\" data-vars-event-label=\"https:\/\/www.kn-online.de\/lokales\/kiel\/\">Kiel<\/a>. Die Stadt geh\u00f6rt zu den ersten Austragungsorten \u00fcberhaupt und sendet damit ein klares Signal nach Europa: Unser Wissenschaftsstandort ist relevant. Im Rahmen von \u201eScience comes to town\u201c pr\u00e4sentieren im September Teams aus 40 L\u00e4ndern bei den Eucys \u2013 der europ\u00e4ischen Ausgabe von \u201eJugend forscht\u201c \u2013 ihre Ideen auf dem <a href=\"https:\/\/www.kn-online.de\/themen\/christian-albrechts-universitat\/\" target=\"_self\" rel=\"noopener\" title=\"https:\/\/www.kn-online.de\/themen\/christian-albrechts-universitat\/\" data-vars-event-category=\"intext_link\" data-vars-event-action=\"click\" data-vars-event-label=\"https:\/\/www.kn-online.de\/themen\/christian-albrechts-universitat\/\">CAU-Campus<\/a>. Diese internationale B\u00fchne kann dabei helfen, junge Talente auf Kiel aufmerksam zu machen und langfristig f\u00fcr den Standort zu gewinnen.<\/p>\n<p class=\"Textstyled__Text-sc-1cqv9mi-0 cLyiiX\">Nicht alle Veranstaltungen stehen schon fest: Die Landeshauptstadt Kiel und die Kiel-Region f\u00fchren noch zahlreiche Gespr\u00e4che. Genau darin liegt jetzt die eigentliche Chance. Wenn \u201eScience comes to town\u201c mehr sein soll als ein Schaufensterprojekt, braucht es Formate, die Dialog erm\u00f6glichen. In Zeiten von Fake News und Wissenschaftsskepsis ist es wichtiger denn je, das Vertrauen in die Forschung zu st\u00e4rken. Und zugleich ist es ein idealer Zeitpunkt, um inmitten der <a href=\"https:\/\/www.kn-online.de\/schleswig-holstein\/kieler-uni-cau-weiter-ohne-praesident-suche-koennte-sich-bis-herbst-2026-ziehen-C3CYQO7IGRBQRHMTG44UWDRJUM.html\" target=\"_self\" rel=\"noopener\" title=\"https:\/\/www.kn-online.de\/schleswig-holstein\/kieler-uni-cau-weiter-ohne-praesident-suche-koennte-sich-bis-herbst-2026-ziehen-C3CYQO7IGRBQRHMTG44UWDRJUM.html\" data-vars-event-category=\"intext_link\" data-vars-event-action=\"click\" data-vars-event-label=\"https:\/\/www.kn-online.de\/schleswig-holstein\/kieler-uni-cau-weiter-ohne-praesident-suche-koennte-sich-bis-herbst-2026-ziehen-C3CYQO7IGRBQRHMTG44UWDRJUM.html\">F\u00fchrungskrise der CAU<\/a> einen neuen Impuls in der Au\u00dfenwirkung des Wissenschaftsstandorts Kiel zu setzen.<\/p>\n<p class=\"Textstyled__Text-sc-1cqv9mi-0 cLyiiX\">Ende 2026 muss sich die Region Kiel daran messen lassen, was sie aus \u201eScience comes to town\u201c gemacht hat. \u00dcber den Erfolg entscheidet nicht die Anzahl an Veranstaltungen. Entscheidend ist, ob Wissenschaft zum Gespr\u00e4chsthema wird \u2013 nicht nur auf Podien, sondern an Kieler K\u00fcchentischen.<\/p>\n<p class=\"Editorialstyled__Editorial-sc-1bfvh9l-0 cSmjnJ\">KN<\/p>\n","protected":false},"excerpt":{"rendered":"Science comes to town Wird 2026 die Sternstunde Kieler Wissenschaft? Zweifel sind angebracht Wissenschaft soll 2026 mit der&hellip;\n","protected":false},"author":2,"featured_media":723585,"comment_status":"","ping_status":"","sticky":false,"template":"","format":"standard","meta":{"footnotes":""},"categories":[1852],"tags":[3364,29,548,663,3934,30,13,4949,14,15,12,1971],"class_list":{"0":"post-723584","1":"post","2":"type-post","3":"status-publish","4":"format-standard","5":"has-post-thumbnail","7":"category-kiel","8":"tag-de","9":"tag-deutschland","10":"tag-eu","11":"tag-europa","12":"tag-europe","13":"tag-germany","14":"tag-headlines","15":"tag-kiel","16":"tag-nachrichten","17":"tag-news","18":"tag-schlagzeilen","19":"tag-schleswig-holstein"},"share_on_mastodon":{"url":"https:\/\/pubeurope.com\/@de\/115906511207772232","error":""},"_links":{"self":[{"href":"https:\/\/www.europesays.com\/de\/wp-json\/wp\/v2\/posts\/723584","targetHints":{"allow":["GET"]}}],"collection":[{"href":"https:\/\/www.europesays.com\/de\/wp-json\/wp\/v2\/posts"}],"about":[{"href":"https:\/\/www.europesays.com\/de\/wp-json\/wp\/v2\/types\/post"}],"author":[{"embeddable":true,"href":"https:\/\/www.europesays.com\/de\/wp-json\/wp\/v2\/users\/2"}],"replies":[{"embeddable":true,"href":"https:\/\/www.europesays.com\/de\/wp-json\/wp\/v2\/comments?post=723584"}],"version-history":[{"count":0,"href":"https:\/\/www.europesays.com\/de\/wp-json\/wp\/v2\/posts\/723584\/revisions"}],"wp:featuredmedia":[{"embeddable":true,"href":"https:\/\/www.europesays.com\/de\/wp-json\/wp\/v2\/media\/723585"}],"wp:attachment":[{"href":"https:\/\/www.europesays.com\/de\/wp-json\/wp\/v2\/media?parent=723584"}],"wp:term":[{"taxonomy":"category","embeddable":true,"href":"https:\/\/www.europesays.com\/de\/wp-json\/wp\/v2\/categories?post=723584"},{"taxonomy":"post_tag","embeddable":true,"href":"https:\/\/www.europesays.com\/de\/wp-json\/wp\/v2\/tags?post=723584"}],"curies":[{"name":"wp","href":"https:\/\/api.w.org\/{rel}","templated":true}]}}