{"id":723712,"date":"2026-01-16T21:01:13","date_gmt":"2026-01-16T21:01:13","guid":{"rendered":"https:\/\/www.europesays.com\/de\/723712\/"},"modified":"2026-01-16T21:01:13","modified_gmt":"2026-01-16T21:01:13","slug":"bundesliga-blut-schock-um-eintracht-star-kristensen-sport","status":"publish","type":"post","link":"https:\/\/www.europesays.com\/de\/723712\/","title":{"rendered":"Bundesliga: Blut-Schock um Eintracht-Star Kristensen | Sport"},"content":{"rendered":"<p><b>Schockierende Szene in Bremen!<\/b><\/p>\n<p><a href=\"https:\/\/www.bild.de\/sport\/fussball\/werder-bremen\/startseite-werder-bremen-31074414.bild.html\" class=\"text-link\" target=\"_blank\" rel=\"noopener\">Werder<\/a> und <a href=\"https:\/\/www.bild.de\/sport\/fussball\/eintracht-frankfurt\/startseite-eintracht-frankfurt-31074444.bild.html\" class=\"text-link\" target=\"_blank\" rel=\"noopener\">Frankfurt<\/a> bestreiten am Freitagabend das erste R\u00fcckrundenspiel in der Bundesliga. <\/p>\n<p>Kalimuendo bringt die Hessen bereits nach 52 Sekunden in F\u00fchrung \u2013 sein Premieren-Tor nach seinem Leih-Wechsel im Winter f\u00fcr 1,5 Mio. Euro von Nottingham Forest.<\/p>\n<p>Kristensen verletzt sich an der Nase<\/p>\n<p>Wenig sp\u00e4ter folgt der Schock!<\/p>\n<p>8. Minute: Zweikampf zwischen Kristensen und Schmidt. Der Bremer trifft den D\u00e4nen ungl\u00fccklich mit den Stollen im Gesicht. Kristensen bringt die Aktion zu Ende, setzt sich dann aber hin, h\u00e4lt sich die Nase. <\/p>\n<p><img decoding=\"async\" width=\"992\" height=\"558\" alt=\"Schmidt trifft den am Boden liegenden Kristensen unabsichtlich mit den Stollen im Gesicht\" src=\"https:\/\/www.europesays.com\/de\/wp-content\/uploads\/2026\/01\/80ba6bdaff0e6f2a13ab8c456d681e67,ec99bb3.jpeg\"   class=\"landscape\" loading=\"lazy\"\/><\/p>\n<p class=\"fig__caption__text\">Schmidt trifft den am Boden liegenden Kristensen unabsichtlich mit den Stollen im Gesicht<\/p>\n<p>Foto: SKY<\/p>\n<p>Das \u00c4rzteteam der Frankfurter eilt sofort zu Kristensen, behandelt ihn. Wenig sp\u00e4ter sieht man erst das Ausma\u00df. Der D\u00e4ne blutet so stark, dass fast das gesamte Gesicht blutverschmiert ist!<\/p>\n<p>Der 4. Offizielle l\u00e4sst ihn zun\u00e4chst nicht zur\u00fcck auf den Platz. <\/p>\n<p>Auch interessant<\/p>\n<p>Anzeige<\/p>\n<p>Auch interessant<\/p>\n<p>Anzeige<\/p>\n<p>In der 17. Minute kann Kristensen dann wieder mit einem gro\u00dfen Pflaster um die Nase herum weitermachen.<\/p>\n<p>Doch auch Minuten danach macht die Blutung Probleme. Kristensen muss noch einmal raus und wird an der Seitenlinie behandelt. <\/p>\n<p>Kurz nach Beginn der 2. H\u00e4lfte wird er wieder von Schiedsrichter Benjamin Brand rausgeschickt, nachdem er erneut geblutet hat.<\/p>\n<p>In der 52. Minute reagiert Frankfurt-Trainer Toppm\u00f6ller, wechselt Kristensen aus. F\u00fcr ihn kommt Ansgar Knauff in die Partie.<\/p>\n","protected":false},"excerpt":{"rendered":"Schockierende Szene in Bremen! Werder und Frankfurt bestreiten am Freitagabend das erste R\u00fcckrundenspiel in der Bundesliga. Kalimuendo bringt&hellip;\n","protected":false},"author":2,"featured_media":723713,"comment_status":"","ping_status":"","sticky":false,"template":"","format":"standard","meta":{"footnotes":""},"categories":[136],"tags":[299,29,460,538,30,7164,1262,265,45,462,1261],"class_list":{"0":"post-723712","1":"post","2":"type-post","3":"status-publish","4":"format-standard","5":"has-post-thumbnail","7":"category-sport","8":"tag-bundesliga","9":"tag-deutschland","10":"tag-eintracht-frankfurt","11":"tag-erste-bundesliga","12":"tag-germany","13":"tag-kroesche-markus","14":"tag-muehlenbeck-marcus","15":"tag-sport","16":"tag-texttospeech","17":"tag-toppmoeller-dino","18":"tag-toralarm-top-news"},"share_on_mastodon":{"url":"https:\/\/pubeurope.com\/@de\/115906798187672810","error":""},"_links":{"self":[{"href":"https:\/\/www.europesays.com\/de\/wp-json\/wp\/v2\/posts\/723712","targetHints":{"allow":["GET"]}}],"collection":[{"href":"https:\/\/www.europesays.com\/de\/wp-json\/wp\/v2\/posts"}],"about":[{"href":"https:\/\/www.europesays.com\/de\/wp-json\/wp\/v2\/types\/post"}],"author":[{"embeddable":true,"href":"https:\/\/www.europesays.com\/de\/wp-json\/wp\/v2\/users\/2"}],"replies":[{"embeddable":true,"href":"https:\/\/www.europesays.com\/de\/wp-json\/wp\/v2\/comments?post=723712"}],"version-history":[{"count":0,"href":"https:\/\/www.europesays.com\/de\/wp-json\/wp\/v2\/posts\/723712\/revisions"}],"wp:featuredmedia":[{"embeddable":true,"href":"https:\/\/www.europesays.com\/de\/wp-json\/wp\/v2\/media\/723713"}],"wp:attachment":[{"href":"https:\/\/www.europesays.com\/de\/wp-json\/wp\/v2\/media?parent=723712"}],"wp:term":[{"taxonomy":"category","embeddable":true,"href":"https:\/\/www.europesays.com\/de\/wp-json\/wp\/v2\/categories?post=723712"},{"taxonomy":"post_tag","embeddable":true,"href":"https:\/\/www.europesays.com\/de\/wp-json\/wp\/v2\/tags?post=723712"}],"curies":[{"name":"wp","href":"https:\/\/api.w.org\/{rel}","templated":true}]}}