{"id":723718,"date":"2026-01-16T21:04:17","date_gmt":"2026-01-16T21:04:17","guid":{"rendered":"https:\/\/www.europesays.com\/de\/723718\/"},"modified":"2026-01-16T21:04:17","modified_gmt":"2026-01-16T21:04:17","slug":"buergermeister-spricht-beim-neujahrsempfang-von-tiefschlag-fuer-den-standort","status":"publish","type":"post","link":"https:\/\/www.europesays.com\/de\/723718\/","title":{"rendered":"B\u00fcrgermeister spricht beim Neujahrsempfang von \u201eTiefschlag\u201c f\u00fcr den Standort"},"content":{"rendered":"<p class=\"mb-6 text-xs md:text-m lg:text-l font-serif group-[.font-sans]:font-sans \">\n    Am Donnerstag ereilte Bad Neustadt eine erneute Hiobsbotschaft. Der <a href=\"https:\/\/www.mainpost.de\/rhoengrabfeld\/bad-neustadt\/bad-neustadt-es-geht-um-existenzen-valeo-schliesst-werk-in-bad-neustadt-grosse-bestuerzung-bei-den-beschaeftigten-160126-113166727\" target=\"_self\" class=\"underline \" rel=\"noopener\">Automobilzulieferer Valeo<\/a> k\u00fcndigte die endg\u00fcltige Schlie\u00dfung seines Standortes in der Siemensstra\u00dfe an, wovon insgesamt 183 Besch\u00e4ftigte betroffen sind. Die <a href=\"https:\/\/www.mainpost.de\/rhoengrabfeld\/bad-koenigshofen\/rhoen-grabfeld-rhoen-grabfelder-wirtschaft-2025-im-sinkflug-ein-jahr-gepraegt-von-stellenabbau-und-mit-nur-wenig-lichtblicken-113000797\" target=\"_self\" class=\"underline \" rel=\"noopener\">wirtschaftlichen Einschl\u00e4ge in Bad Neustadt<\/a> standen im Mittelpunkt des <a href=\"https:\/\/www.mainpost.de\/regional\/rhoengrabfeld\/buergermeister-michael-werner-beim-neujahrsempfang-der-stadt-nicht-ueber-vergangenes-streiten-sondern-gemeinsam-zukunft-gestalten-art-11693069\" target=\"_self\" class=\"underline \" rel=\"noopener\">Neujahrsempfangs der Stadt<\/a>. Um 13.30 Uhr wurden die Mitarbeiterinnen und Mitarbeiter von Valeo \u00fcber die Schlie\u00dfung informiert, um 15 Uhr B\u00fcrgermeister Michael Werner zusammen mit Landrat Thomas Habermann und um 19 Uhr sprach Werner in der Stadthalle vor mehr als 600 G\u00e4sten \u00fcber die aktuelle Lage.\n  <\/p>\n<ul data-module-id=\"DragDropModule\" class=\"flex flex-wrap justify-start group-[.no-bookmarks]:hidden\">\n<li class=\"mb-3 mr-3\">\n    Sigrid Brunner<\/p>\n<p>      Icon Haken im Kreis gesetzt<\/p>\n<p>      Icon Plus im Kreis<\/p>\n<\/li>\n<li class=\"mb-3 mr-3\">\n    Neujahrsempfang<\/p>\n<p>      Icon Haken im Kreis gesetzt<\/p>\n<p>      Icon Plus im Kreis<\/p>\n<\/li>\n<li class=\"mb-3 mr-3\">\n    Michael Werner<\/p>\n<p>      Icon Haken im Kreis gesetzt<\/p>\n<p>      Icon Plus im Kreis<\/p>\n<\/li>\n<\/ul>\n","protected":false},"excerpt":{"rendered":"Am Donnerstag ereilte Bad Neustadt eine erneute Hiobsbotschaft. Der Automobilzulieferer Valeo k\u00fcndigte die endg\u00fcltige Schlie\u00dfung seines Standortes in&hellip;\n","protected":false},"author":2,"featured_media":723719,"comment_status":"","ping_status":"","sticky":false,"template":"","format":"standard","meta":{"footnotes":""},"categories":[134],"tags":[166477,166474,2927,175,170,169,29,30,171,174,73465,166475,60657,166478,92849,173,172,166476,20642],"class_list":{"0":"post-723718","1":"post","2":"type-post","3":"status-publish","4":"format-standard","5":"has-post-thumbnail","7":"category-unternehmen-maerkte","8":"tag-andreas-krefft","9":"tag-bad-neustadt-saale","10":"tag-bsh","11":"tag-business","12":"tag-companies","13":"tag-companies-markets","14":"tag-deutschland","15":"tag-germany","16":"tag-markets","17":"tag-maerkte","18":"tag-mellrichstadt","19":"tag-michael-werner","20":"tag-neujahrsempfang","21":"tag-thomas-habermann","22":"tag-tiefschlag","23":"tag-unternehmen","24":"tag-unternehmen-maerkte","25":"tag-werksschliessung","26":"tag-wirtschaftsstandort"},"share_on_mastodon":{"url":"https:\/\/pubeurope.com\/@de\/115906810089705230","error":""},"_links":{"self":[{"href":"https:\/\/www.europesays.com\/de\/wp-json\/wp\/v2\/posts\/723718","targetHints":{"allow":["GET"]}}],"collection":[{"href":"https:\/\/www.europesays.com\/de\/wp-json\/wp\/v2\/posts"}],"about":[{"href":"https:\/\/www.europesays.com\/de\/wp-json\/wp\/v2\/types\/post"}],"author":[{"embeddable":true,"href":"https:\/\/www.europesays.com\/de\/wp-json\/wp\/v2\/users\/2"}],"replies":[{"embeddable":true,"href":"https:\/\/www.europesays.com\/de\/wp-json\/wp\/v2\/comments?post=723718"}],"version-history":[{"count":0,"href":"https:\/\/www.europesays.com\/de\/wp-json\/wp\/v2\/posts\/723718\/revisions"}],"wp:featuredmedia":[{"embeddable":true,"href":"https:\/\/www.europesays.com\/de\/wp-json\/wp\/v2\/media\/723719"}],"wp:attachment":[{"href":"https:\/\/www.europesays.com\/de\/wp-json\/wp\/v2\/media?parent=723718"}],"wp:term":[{"taxonomy":"category","embeddable":true,"href":"https:\/\/www.europesays.com\/de\/wp-json\/wp\/v2\/categories?post=723718"},{"taxonomy":"post_tag","embeddable":true,"href":"https:\/\/www.europesays.com\/de\/wp-json\/wp\/v2\/tags?post=723718"}],"curies":[{"name":"wp","href":"https:\/\/api.w.org\/{rel}","templated":true}]}}