{"id":723722,"date":"2026-01-16T21:06:12","date_gmt":"2026-01-16T21:06:12","guid":{"rendered":"https:\/\/www.europesays.com\/de\/723722\/"},"modified":"2026-01-16T21:06:12","modified_gmt":"2026-01-16T21:06:12","slug":"bundeskanzler-friedrich-merz-zeigt-sich-desillusioniert-von-trump-und-der-us-politik","status":"publish","type":"post","link":"https:\/\/www.europesays.com\/de\/723722\/","title":{"rendered":"Bundeskanzler: Friedrich Merz zeigt sich desillusioniert von Trump und der US-Politik"},"content":{"rendered":"<p class=\"paragraph article__item\">Bundeskanzler <a class=\"rtr-entity\" href=\"https:\/\/www.zeit.de\/thema\/friedrich-merz\" target=\"_blank\" rel=\"noopener\">Friedrich Merz<\/a> (CDU) hat Europa dazu aufgerufen, sich von den USA zu emanzipieren und sich nicht weiter kleinzumachen. &#8222;Wir erleben, dass unser wichtigster Verb\u00fcndeter auf der Welt \u2013 und das sind bis heute die Vereinigten Staaten von Amerika \u2013 sich abwendet von einer regelbasierten \u200dOrdnung&#8220;, sagte Merz auf einer CDU-Wahlveranstaltung \u200bim baden-w\u00fcrttembergischen Heddesheim. Statt sich am V\u00f6lkerrecht zu orientieren, \u200cgehe die Entwicklung der US-Politik &#8222;hin zu einer reinen Macht- und interessengeleiteten Politik&#8220;.\n<\/p>\n<p class=\"paragraph article__item\">Merz setzt zudem \u2060nicht mehr auf \u00c4nderungen bei Trump. Man \u200bk\u00f6nne diesen zwar kritisieren, &#8222;aber was nutzt Kritik, wenn derjenige, dem sie gilt, darauf nicht reagiert, sondern das, <a href=\"https:\/\/www.zeit.de\/2026\/03\/donald-trump-zweite-amtszeit-usa-praesident-venezuela\" class=\"\" target=\"_blank\" rel=\"noopener\">was er tut<\/a>, f\u00fcr richtig h\u00e4lt&#8220;, \u2060sagte der Kanzler. Wenn Trump seine Politik weiter fortsetze, d\u00fcrfe man nicht den &#8222;Kopf in den Sand stecken und sagen, wir f\u00fcgen uns dem allen&#8220;. Man d\u00fcrfe nicht hinnehmen, zum Spielball der Gro\u00dfm\u00e4chte zu werden und zu versuchen, <a href=\"https:\/\/www.zeit.de\/2026\/03\/hartmut-rosa-soziologe-handeln-spielraum-resonanz-digitalisierung\" class=\"\" target=\"_blank\" rel=\"noopener\">irgendwo in einer kleinen Nische<\/a> zu \u00fcberleben. &#8222;Die Rechnung geht nicht auf. Wir leben nicht in einer \u200bNische&#8220;, mahnte der CDU-Vorsitzende. &#8222;Wir leben in einer der gr\u00f6\u00dften und erfolgreichsten Industrienationen der Welt.&#8220;\n<\/p>\n<p class=\"paragraph article__item\">Auch aus den <a class=\"rtr-entity\" href=\"https:\/\/www.zeit.de\/thema\/usa\" target=\"_blank\" rel=\"noopener\">USA<\/a> schaue man auf \u200dDeutschland, sagte Merz weiter. &#8222;Aber sie schauen nicht auf uns, wenn wir uns klein machen, wenn wir uns wegducken, sondern sie werden uns nur respektieren, wenn wir B\u00fcndnispartner haben in Europa, die mit uns die gleiche Sprache sprechen.&#8220; Daf\u00fcr m\u00fcsse man aus \u2060einer <a href=\"https:\/\/www.zeit.de\/politik\/ausland\/2025-12\/europaeische-union-donald-trump-einfluss-5vor8\" class=\"\" target=\"_blank\" rel=\"noopener\">Position der St\u00e4rke<\/a> heraus argumentieren k\u00f6nnen, sagte Merz und forderte, die Wirtschaft st\u00e4rker auf Wettbewerbsf\u00e4higkeit auszurichten.\n<\/p>\n<p>        Merz fordert h\u00f6here Arbeitsleistung        <\/p>\n<p class=\"paragraph article__item\">Um respektiert zu werden, m\u00fcsse Deutschland lernen, seine Interessen auch wahrzunehmen. Daf\u00fcr sei es auch notwendig, mehr und l\u00e4nger zu arbeiten, sagte Merz. Man m\u00fcsse die industrielle Basis erhalten, sonst seien die anstehenden Probleme nicht zu l\u00f6sen. Man k\u00e4mpfe in vielerlei Hinsicht um die Zukunft dieses Landes, au\u00dfenpolitisch wie innenpolitisch. &#8222;Wir trauen uns die L\u00f6sung der Probleme zu, weil die L\u00f6sung dieser Probleme auch in unserer Hand liegt&#8220;, sagte der Kanzler.\n<\/p>\n<p class=\"paragraph article__item\">Merz kritisierte auch den aus seiner Sicht zu hohen Krankenstand in Deutschland. Im Schnitt k\u00e4men die Besch\u00e4ftigten in Deutschland auf 14,5 Krankentage, sagte der CDU-Politiker. &#8222;Das sind fast drei Wochen, in denen die Menschen in Deutschland aus Krankheitsgr\u00fcnden nicht arbeiten. Ist das wirklich richtig? Ist das wirklich notwendig?,&#8220; fragte Merz. Man m\u00fcsse sich dar\u00fcber unterhalten, wie man Anreize schaffe, dass die Menschen ihrer Besch\u00e4ftigung nachgingen. Als Beispiel nannte er die Abschaffung der telefonischen Krankschreibung.\n<\/p>\n<p>                            \u00a9\u00a0Lea Dohle<\/p>\n<p>\n                                        Newsletter<br \/>\n                                        Was jetzt? \u2013 Der t\u00e4gliche Morgen\u00fcberblick<\/p>\n<p class=\"newsletter-signup__text\">Starten Sie mit unserem kurzen Nachrichten-Newsletter in den Tag. Erhalten Sie zudem freitags das digitale Magazin ZEIT am Wochenende.<\/p>\n<p class=\"newsletter-signup__datapolicy\" hidden=\"\">\n            Mit Ihrer Registrierung nehmen Sie die <a href=\"https:\/\/datenschutz.zeit.de\/zon#Newsletter\" target=\"_blank\" rel=\"noopener\">Datenschutzerkl\u00e4rung<\/a> zur Kenntnis.\n        <\/p>\n<p>    Vielen Dank! Wir haben Ihnen eine E-Mail geschickt.<\/p>\n<p>Pr\u00fcfen Sie Ihr Postfach und best\u00e4tigen Sie das Newsletter-Abonnement.<\/p>\n<p class=\"paragraph article__item\">Zudem kritisierte er die europ\u00e4ische Diskussion um das Mercosur-Freihandelsabkommen. &#8222;Wir haben doch nicht \u2060mehr alle Tassen im Schrank, dass wir ernsthaft \u00fcber solche Themen \u2060jetzt im Kleinklein diskutieren&#8220;, sagte er mit Blick auf die abschlie\u00dfende Abstimmung im Europ\u00e4ischen Parlament \u200cin der kommenden Woche. \u2060Nach \u00fcber 26 Jahren Verhandlungen hatte sich die EU in der vergangenen Woche <a href=\"https:\/\/www.zeit.de\/wirtschaft\/2026-01\/eu-stimmt-fuer-mercosur-freihandelsabkommen-gxe\" class=\"\" target=\"_blank\" rel=\"noopener\">f\u00fcr das Abkommen entschieden<\/a>.\n<\/p>\n<p>Mehr zum Thema<\/p>\n<p>            Transatlantische Beziehungen        <\/p>\n<p>                <a href=\"https:\/\/www.zeit.de\/2026\/03\/hartmut-rosa-soziologe-handeln-spielraum-resonanz-digitalisierung\" data-ct-label=\"Hartmut Rosa: Welchen Spielraum haben wir noch?\" target=\"_blank\" rel=\"noopener\"><\/p>\n<p>        Z+ (abopflichtiger Inhalt);<\/p>\n<p>    Hartmut Rosa:<br \/>\n                        Welchen Spielraum haben wir noch?<\/p>\n<p>                <\/a><\/p>\n<p>                <a href=\"https:\/\/www.zeit.de\/kultur\/2026-01\/groenland-usa-donald-trump-nato-internationalismus\" data-ct-label=\"Gr\u00f6nland: Eine neue \u00c4ra hat begonnen\" target=\"_blank\" rel=\"noopener\"><\/p>\n<p>        Z+ (abopflichtiger Inhalt);<\/p>\n<p>    Gr\u00f6nland:<br \/>\n                        Eine neue \u00c4ra hat begonnen<\/p>\n<p>                <\/a><\/p>\n<p>                <a href=\"https:\/\/www.zeit.de\/politik\/ausland\/2025-12\/europaeische-union-donald-trump-einfluss-5vor8\" data-ct-label=\"Europ\u00e4ische Union: Etwas Besseres als Europa haben wir nicht\" target=\"_blank\" rel=\"noopener\"><\/p>\n<p>                        Europ\u00e4ische Union:<br \/>\n                        Etwas Besseres als Europa haben wir nicht<\/p>\n<p>                <\/a><\/p>\n","protected":false},"excerpt":{"rendered":"Bundeskanzler Friedrich Merz (CDU) hat Europa dazu aufgerufen, sich von den USA zu emanzipieren und sich nicht weiter&hellip;\n","protected":false},"author":2,"featured_media":723723,"comment_status":"","ping_status":"","sticky":false,"template":"","format":"standard","meta":{"footnotes":""},"categories":[2],"tags":[12844,31,29,106,663,775,30,25226,13,14,15,16,12,10,8,9,11,64],"class_list":{"0":"post-723722","1":"post","2":"type-post","3":"status-publish","4":"format-standard","5":"has-post-thumbnail","7":"category-deutschland","8":"tag-bundeskanzler","9":"tag-cdu","10":"tag-deutschland","11":"tag-donald-trump","12":"tag-europa","13":"tag-friedrich-merz","14":"tag-germany","15":"tag-grossmacht","16":"tag-headlines","17":"tag-nachrichten","18":"tag-news","19":"tag-politik","20":"tag-schlagzeilen","21":"tag-top-news","22":"tag-top-meldungen","23":"tag-topmeldungen","24":"tag-topnews","25":"tag-usa"},"share_on_mastodon":{"url":"https:\/\/pubeurope.com\/@de\/115906817735085964","error":""},"_links":{"self":[{"href":"https:\/\/www.europesays.com\/de\/wp-json\/wp\/v2\/posts\/723722","targetHints":{"allow":["GET"]}}],"collection":[{"href":"https:\/\/www.europesays.com\/de\/wp-json\/wp\/v2\/posts"}],"about":[{"href":"https:\/\/www.europesays.com\/de\/wp-json\/wp\/v2\/types\/post"}],"author":[{"embeddable":true,"href":"https:\/\/www.europesays.com\/de\/wp-json\/wp\/v2\/users\/2"}],"replies":[{"embeddable":true,"href":"https:\/\/www.europesays.com\/de\/wp-json\/wp\/v2\/comments?post=723722"}],"version-history":[{"count":0,"href":"https:\/\/www.europesays.com\/de\/wp-json\/wp\/v2\/posts\/723722\/revisions"}],"wp:featuredmedia":[{"embeddable":true,"href":"https:\/\/www.europesays.com\/de\/wp-json\/wp\/v2\/media\/723723"}],"wp:attachment":[{"href":"https:\/\/www.europesays.com\/de\/wp-json\/wp\/v2\/media?parent=723722"}],"wp:term":[{"taxonomy":"category","embeddable":true,"href":"https:\/\/www.europesays.com\/de\/wp-json\/wp\/v2\/categories?post=723722"},{"taxonomy":"post_tag","embeddable":true,"href":"https:\/\/www.europesays.com\/de\/wp-json\/wp\/v2\/tags?post=723722"}],"curies":[{"name":"wp","href":"https:\/\/api.w.org\/{rel}","templated":true}]}}