{"id":723730,"date":"2026-01-16T21:10:10","date_gmt":"2026-01-16T21:10:10","guid":{"rendered":"https:\/\/www.europesays.com\/de\/723730\/"},"modified":"2026-01-16T21:10:10","modified_gmt":"2026-01-16T21:10:10","slug":"zuege-zwischen-kiel-luebeck-fallen-wegen-unfall-aus-was-bekannt-ist","status":"publish","type":"post","link":"https:\/\/www.europesays.com\/de\/723730\/","title":{"rendered":"Z\u00fcge zwischen Kiel L\u00fcbeck fallen wegen Unfall aus \u2013 was bekannt ist"},"content":{"rendered":"<p>Hintergr\u00fcnde bleiben unklar<\/p>\n<p>Unfall bei Elmschenhagen bremste Zugverkehr stundenlang aus <\/p>\n<p class=\"Textstyled__Text-sc-1cqv9mi-0 cLyiiX ArticleHeadstyled__ArticleSubHeadline-sc-tdzyy5-11 fXdZot\">Zu einem Unfall an einer Bahnstrecke ist es am Freitagnachmittag in Kiel-Elmschenhagen gekommen. Ein Ersatzverkehr mit Bussen wurde zwischen Schwentinental und Kiel eingerichtet, weil die Zugstrecke gesperrt worden war. Die Hintergr\u00fcnde bleiben auch Stunden sp\u00e4ter unklar.<\/p>\n<p class=\"Textstyled__Text-sc-1cqv9mi-0 cLyiiX\">Kiel. Der Zugverkehr zwischen Kiel und L\u00fcbeck ist am Freitagnachmittag bis in den fr\u00fchen Abend stark beeintr\u00e4chtigt worden. Nach einem Unfall bei Kiel-Elmschenhagen wurde die Strecke zwischen Kiel-Hauptbahnhof und Schwentinental\/Raisdorf zun\u00e4chst gesperrt, wie die Polizei berichtete. <\/p>\n<p>Weiterlesen nach der Anzeige<\/p>\n<p>Weiterlesen nach der Anzeige<\/p>\n<p class=\"Textstyled__Text-sc-1cqv9mi-0 cLyiiX\">Auf diesem Teil der Strecke wurde ein Ersatzverkehr mit Bussen eingerichtet. Z\u00fcge fuhren aus L\u00fcbeck kommend nur bis Schwentinental und wendeten dort. Erst um etwa 19 Uhr sei der Zugverkehr auf der Strecke wieder aufgenommen worden, so die Regionalleitstelle am Abend.<\/p>\n<p class=\"Textstyled__Text-sc-1cqv9mi-0 cLyiiX\">Ein Sprecher des Bahnunternehmens <a href=\"https:\/\/www.kn-online.de\/themen\/erixx\/\" target=\"_self\" rel=\"noopener\" title=\"https:\/\/www.kn-online.de\/themen\/erixx\/\" data-vars-event-category=\"intext_link\" data-vars-event-action=\"click\" data-vars-event-label=\"https:\/\/www.kn-online.de\/themen\/erixx\/\">Erixx <\/a>teilte auf Nachfrage von KN-online.de mit, dass Reisende eine mehrst\u00fcndige Sperrung der Bahnstrecke hinnehmen mussten.<\/p>\n<p>Unfall in Kiel-Elmschenhagen mit unklarem Hintergrund <\/p>\n<p class=\"Textstyled__Text-sc-1cqv9mi-0 cLyiiX\">Wie die <a href=\"https:\/\/www.kn-online.de\/themen\/kiel-polizei\/\" target=\"_self\" rel=\"noopener\" title=\"https:\/\/www.kn-online.de\/themen\/kiel-polizei\/\" data-vars-event-category=\"intext_link\" data-vars-event-action=\"click\" data-vars-event-label=\"https:\/\/www.kn-online.de\/themen\/kiel-polizei\/\">Polizeidirektion Kiel<\/a> mitteilte, ereignete sich der Unfall zwischen Wellseedamm und Segeberger Landstra\u00dfe. Die Segeberger Landstra\u00dfe hat einen Bahn\u00fcbergang, der Wellseedamm eine Br\u00fccke zur Bahnstrecke. N\u00e4here Informationen zu dem Unfall waren auch am Abend von der Regionalleitstelle nicht zu bekommen. <\/p>\n<p>Weiterlesen nach der Anzeige<\/p>\n<p>Weiterlesen nach der Anzeige<\/p>\n<p class=\"Textstyled__Text-sc-1cqv9mi-0 cLyiiX\">Auf der Strecke zwischen Kiel und L\u00fcbeck verkehren die Linien RE83 und RB84. Beide verbinden die beiden gr\u00f6\u00dften St\u00e4dte Schleswig-Holsteins und halten unter anderem in Pl\u00f6n und Eutin.<\/p>\n<p class=\"Editorialstyled__Editorial-sc-1bfvh9l-0 cSmjnJ\">KN<\/p>\n","protected":false},"excerpt":{"rendered":"Hintergr\u00fcnde bleiben unklar Unfall bei Elmschenhagen bremste Zugverkehr stundenlang aus Zu einem Unfall an einer Bahnstrecke ist es&hellip;\n","protected":false},"author":2,"featured_media":723731,"comment_status":"","ping_status":"","sticky":false,"template":"","format":"standard","meta":{"footnotes":""},"categories":[1852],"tags":[3364,29,548,663,3934,30,13,4949,14,15,12,1971],"class_list":{"0":"post-723730","1":"post","2":"type-post","3":"status-publish","4":"format-standard","5":"has-post-thumbnail","7":"category-kiel","8":"tag-de","9":"tag-deutschland","10":"tag-eu","11":"tag-europa","12":"tag-europe","13":"tag-germany","14":"tag-headlines","15":"tag-kiel","16":"tag-nachrichten","17":"tag-news","18":"tag-schlagzeilen","19":"tag-schleswig-holstein"},"share_on_mastodon":{"url":"https:\/\/pubeurope.com\/@de\/115906833536531827","error":""},"_links":{"self":[{"href":"https:\/\/www.europesays.com\/de\/wp-json\/wp\/v2\/posts\/723730","targetHints":{"allow":["GET"]}}],"collection":[{"href":"https:\/\/www.europesays.com\/de\/wp-json\/wp\/v2\/posts"}],"about":[{"href":"https:\/\/www.europesays.com\/de\/wp-json\/wp\/v2\/types\/post"}],"author":[{"embeddable":true,"href":"https:\/\/www.europesays.com\/de\/wp-json\/wp\/v2\/users\/2"}],"replies":[{"embeddable":true,"href":"https:\/\/www.europesays.com\/de\/wp-json\/wp\/v2\/comments?post=723730"}],"version-history":[{"count":0,"href":"https:\/\/www.europesays.com\/de\/wp-json\/wp\/v2\/posts\/723730\/revisions"}],"wp:featuredmedia":[{"embeddable":true,"href":"https:\/\/www.europesays.com\/de\/wp-json\/wp\/v2\/media\/723731"}],"wp:attachment":[{"href":"https:\/\/www.europesays.com\/de\/wp-json\/wp\/v2\/media?parent=723730"}],"wp:term":[{"taxonomy":"category","embeddable":true,"href":"https:\/\/www.europesays.com\/de\/wp-json\/wp\/v2\/categories?post=723730"},{"taxonomy":"post_tag","embeddable":true,"href":"https:\/\/www.europesays.com\/de\/wp-json\/wp\/v2\/tags?post=723730"}],"curies":[{"name":"wp","href":"https:\/\/api.w.org\/{rel}","templated":true}]}}