{"id":723736,"date":"2026-01-16T21:13:12","date_gmt":"2026-01-16T21:13:12","guid":{"rendered":"https:\/\/www.europesays.com\/de\/723736\/"},"modified":"2026-01-16T21:13:12","modified_gmt":"2026-01-16T21:13:12","slug":"schwalmtal-hundesteuer-ab-2026","status":"publish","type":"post","link":"https:\/\/www.europesays.com\/de\/723736\/","title":{"rendered":"Schwalmtal: Hundesteuer ab 2026"},"content":{"rendered":"<p class=\"text_ohne_einzug richtext text-em-55 !leading-serif mx-6 desktop:mx-0\">  Die Gemeinde <a href=\"https:\/\/rp-online.de\/thema\/schwalmtal\/\" target=\"_blank\" rel=\"noopener\">Schwalmtal<\/a> informiert, dass mit den aktuell versendeten Hundesteuerbescheiden auch digitale Hundesteuermarken eingef\u00fchrt und verschickt werden. Die klassische Metallmarke am Halsband gibt es nicht mehr. Die Hundebesitzerinnen und Hundebesitzer k\u00f6nnen den QR-Code entweder abfotografieren und auf dem Smartphone abspeichern oder ihn ausschneiden und im Portemonnaie aufbewahren.<\/p>\n<p class=\"richtext text-em-55 !leading-serif mx-6 desktop:mx-0\">Die digitale Hundemarke gilt f\u00fcr alle im Haushalt gemeldeten Hunde. Wenn Daten ge\u00e4ndert werden m\u00fcssen, wird ein neuer Steuerbescheid mit aktualisiertem QR-Code ausgestellt. Zudem werden Hunde, die unmittelbar aus dem Nettetaler <a href=\"https:\/\/rp-online.de\/thema\/tierheim\/\" target=\"_blank\" rel=\"noopener\">Tierheim<\/a> aufgenommen werden, ab sofort f\u00fcr zw\u00f6lf Monate von der <a href=\"https:\/\/rp-online.de\/thema\/hundesteuer\/\" target=\"_blank\" rel=\"noopener\">Hundesteuer<\/a> befreit. Neu ist zudem die Befreiung f\u00fcr nachweislich ausgebildete Assistenzhunde.<\/p>\n","protected":false},"excerpt":{"rendered":"Die Gemeinde Schwalmtal informiert, dass mit den aktuell versendeten Hundesteuerbescheiden auch digitale Hundesteuermarken eingef\u00fchrt und verschickt werden. Die&hellip;\n","protected":false},"author":2,"featured_media":723737,"comment_status":"","ping_status":"","sticky":false,"template":"","format":"standard","meta":{"footnotes":""},"categories":[1849],"tags":[51471,166481,61903,3364,29,26671,166480,548,663,3934,30,13,3545,86040,166483,144627,166479,96339,166482,4455,14,15,1209,12,20413,56562,2486],"class_list":{"0":"post-723736","1":"post","2":"type-post","3":"status-publish","4":"format-standard","5":"has-post-thumbnail","7":"category-moenchengladbach","8":"tag-hundesteuer","9":"tag-assistenzhunde","10":"tag-code","11":"tag-de","12":"tag-deutschland","13":"tag-digitale","14":"tag-eingefuehrt","15":"tag-eu","16":"tag-europa","17":"tag-europe","18":"tag-germany","19":"tag-headlines","20":"tag-hunde","21":"tag-hundebesitzer","22":"tag-hundebesitzerinnen","23":"tag-hundemarke","24":"tag-hundesteuerbescheiden","25":"tag-hundesteuermarke","26":"tag-hundesteuermarken","27":"tag-moenchengladbach","28":"tag-nachrichten","29":"tag-news","30":"tag-nordrhein-westfalen","31":"tag-schlagzeilen","32":"tag-schwalmtal","33":"tag-steuerbescheid","34":"tag-tierheim"},"share_on_mastodon":{"url":"https:\/\/pubeurope.com\/@de\/115906845321044605","error":""},"_links":{"self":[{"href":"https:\/\/www.europesays.com\/de\/wp-json\/wp\/v2\/posts\/723736","targetHints":{"allow":["GET"]}}],"collection":[{"href":"https:\/\/www.europesays.com\/de\/wp-json\/wp\/v2\/posts"}],"about":[{"href":"https:\/\/www.europesays.com\/de\/wp-json\/wp\/v2\/types\/post"}],"author":[{"embeddable":true,"href":"https:\/\/www.europesays.com\/de\/wp-json\/wp\/v2\/users\/2"}],"replies":[{"embeddable":true,"href":"https:\/\/www.europesays.com\/de\/wp-json\/wp\/v2\/comments?post=723736"}],"version-history":[{"count":0,"href":"https:\/\/www.europesays.com\/de\/wp-json\/wp\/v2\/posts\/723736\/revisions"}],"wp:featuredmedia":[{"embeddable":true,"href":"https:\/\/www.europesays.com\/de\/wp-json\/wp\/v2\/media\/723737"}],"wp:attachment":[{"href":"https:\/\/www.europesays.com\/de\/wp-json\/wp\/v2\/media?parent=723736"}],"wp:term":[{"taxonomy":"category","embeddable":true,"href":"https:\/\/www.europesays.com\/de\/wp-json\/wp\/v2\/categories?post=723736"},{"taxonomy":"post_tag","embeddable":true,"href":"https:\/\/www.europesays.com\/de\/wp-json\/wp\/v2\/tags?post=723736"}],"curies":[{"name":"wp","href":"https:\/\/api.w.org\/{rel}","templated":true}]}}