{"id":723770,"date":"2026-01-16T21:30:10","date_gmt":"2026-01-16T21:30:10","guid":{"rendered":"https:\/\/www.europesays.com\/de\/723770\/"},"modified":"2026-01-16T21:30:10","modified_gmt":"2026-01-16T21:30:10","slug":"usa-wenden-sich-ab-von-einer-regelbasierten-ordnung","status":"publish","type":"post","link":"https:\/\/www.europesays.com\/de\/723770\/","title":{"rendered":"USA wenden sich ab &#8222;von einer regelbasierten Ordnung&#8220;"},"content":{"rendered":"<p><img decoding=\"async\" loading=\"lazy\" fetchpriority=\"low\" alt=\"CDU-Wahlkampf im S\u00fcdwesten\" class=\"pei0kpe\"\/><\/p>\n<p class=\"c1pbsmr2\">Bundeskanzler Friedrich Merz hat sich zur Entwicklung der US-Au\u00dfenpolitik unter Pr\u00e4sident Trump ge\u00e4u\u00dfert. Er sehe eine Entwicklung &#8222;hin zu einer reinen Macht- und interessengeleiteten Politik&#8220;.<\/p>\n<p>16.01.2026 | 1:17 min<\/p>\n<p class=\"r1nj4qn5 rvqyqzi\">Bundeskanzler <a data-testid=\"richtext-link\" class=\"_nl_\" id=\"c9f5ab80\" href=\"https:\/\/www.zdfheute.de\/thema\/friedrich-merz-218.html\" target=\"_blank\" rel=\"noopener\">Friedrich Merz<\/a> (CDU) hat Europa dazu aufgerufen, sich von den <a data-testid=\"richtext-link\" class=\"_nl_\" id=\"4a1ba46a\" href=\"https:\/\/www.zdfheute.de\/thema\/usa-news-100.html\" target=\"_blank\" rel=\"noopener\">USA<\/a> zu emanzipieren und nicht unn\u00f6tig klein zu machen. &#8222;Wir erleben, dass unser wichtigster Verb\u00fcndeter auf der Welt &#8211; und das sind bis heute die Vereinigten Staaten von Amerika -, sich abwendet von einer regelbasierten Ordnung&#8220;, sagte er bei einer CDU-Wahlveranstaltung in Heddesheim bei Mannheim. Statt sich am V\u00f6lkerrecht zu orientieren, gehe die Entwicklung der US-Politik &#8222;hin zu einer reinen Macht- und interessengeleiteten Politik&#8220;.<\/p>\n<p class=\"r1nj4qn5 rvqyqzi\">&#8222;Aber wir d\u00fcrfen dann doch nicht den Kopf in den Sand stecken und versuchen, in irgendeiner Nische zu \u00fcberleben&#8220;, sagte der Kanzler bei der Veranstaltung mit dem baden-w\u00fcrttembergischen Spitzenkandidaten der <a data-testid=\"richtext-link\" class=\"_nl_\" id=\"ad3c669b\" href=\"https:\/\/www.zdfheute.de\/thema\/cdu-152.html\" target=\"_blank\" rel=\"noopener\">CDU<\/a> Manuel Hagel. &#8222;Die Rechnung geht nicht auf. Wir leben nicht in einer Nische&#8220;, mahnte Merz.<\/p>\n<blockquote class=\"bosa0j6\">\n<p class=\"tley63f hhhtovw\">Wir leben in einer der gr\u00f6\u00dften und erfolgreichsten Industrienationen der Welt.<\/p>\n<p>\u201e<\/p><\/blockquote>\n<p class=\"abqjgdv m1lnp037\">Friedrich Merz (CDU), Bundeskanzler<\/p>\n<p class=\"r1nj4qn5 rvqyqzi\">Um respektiert zu werden, m\u00fcsse Deutschland lernen, seine Interessen auch wahrzunehmen.<\/p>\n<p><img decoding=\"async\" loading=\"lazy\" fetchpriority=\"low\" alt=\"Rechts im Bild sieht man den Host Mirko Drotschmann, links zu sehen ist US-Pr\u00e4sident Donald Trump mit Bundeskanzler Friedrich Merz \" class=\"pei0kpe\"\/><\/p>\n<p class=\"c1pbsmr2\">Sicherheit, Digitalisierung und Wirtschaft: Mirko Drotschmann analysiert die wachsende Abh\u00e4ngigkeit Deutschlands von den USA seit Donald Trumps erneuter Amtszeit.<\/p>\n<p>15.01.2026 | 13:05 min<\/p>\n<p>Merz: USA &#8222;schauen nicht auf uns, wenn wir uns klein machen&#8220;<\/p>\n<p class=\"r1nj4qn5 rvqyqzi\">Merz setzt zudem offenbar nicht mehr auf \u00c4nderungen bei <a data-testid=\"richtext-link\" class=\"_nl_\" id=\"3e011e66\" href=\"https:\/\/www.zdfheute.de\/thema\/donald-trump-742.html\" target=\"_blank\" rel=\"noopener\">Donald Trump<\/a>. Diesen k\u00f6nne man kritisieren. &#8222;Aber was nutzt Kritik, wenn derjenige, dem sie gilt, darauf nicht reagiert, sondern das, was er tut, f\u00fcr richtig h\u00e4lt&#8220;, sagte der CDU-Vorsitzende. Auch die Amerikaner schauten auf Deutschland, sagte Merz weiter.<\/p>\n<blockquote class=\"bosa0j6\">\n<p class=\"tley63f hhhtovw\">Aber sie schauen nicht auf uns, wenn wir uns klein machen, wenn wir uns wegducken, sondern sie werden uns nur respektieren, wenn wir B\u00fcndnispartner haben in Europa, die mit uns die gleiche Sprache sprechen.<\/p>\n<p>\u201e<\/p><\/blockquote>\n<p class=\"abqjgdv m1lnp037\">Friedrich Merz (CDU), Bundeskanzler<\/p>\n<p class=\"r1nj4qn5 rvqyqzi\">Daf\u00fcr m\u00fcsse man aus einer Position der St\u00e4rke heraus argumentieren k\u00f6nnen, sagte Merz und forderte, die Wirtschaft st\u00e4rker auf Wettbewerbsf\u00e4higkeit auszurichten.<\/p>\n<p><img decoding=\"async\" loading=\"lazy\" fetchpriority=\"low\" alt=\"Blick \u00fcber Nuuk aus dem achten Stock eines Wohngeb\u00e4udes. Nach erfolglosen Gespr\u00e4chen in Washington zur Beilegung des Gr\u00f6nland-Konflikts schickt Deutschland Soldaten auf die Arktisinsel. \" class=\"pei0kpe\"\/><\/p>\n<p class=\"c1pbsmr2\">Nach den erfolglosen Verhandlungen zwischen den USA und D\u00e4nemark um die amerikanischen Gebietsanspr\u00fcche auf Gr\u00f6nland entsendet die Bundeswehr 13 Soldaten zu einem Erkundungseinsatz.<\/p>\n<p>16.01.2026 | 1:45 min<\/p>\n<p>Merz: L\u00f6sung der Probleme &#8222;in unserer Hand&#8220;<\/p>\n<p class=\"r1nj4qn5 rvqyqzi\">In Deutschland selbst werde man wieder lernen m\u00fcssen, mehr und l\u00e4nger zu arbeiten, sagte Merz. Man m\u00fcsse die industrielle Basis erhalten, sonst seien die anstehenden Probleme nicht zu l\u00f6sen. <\/p>\n<p class=\"r1nj4qn5 rvqyqzi\">Man k\u00e4mpfe in vielerlei Hinsicht um die Zukunft dieses Landes, au\u00dfenpolitisch wie innenpolitisch. &#8222;Wir trauen uns die L\u00f6sung der Probleme zu, weil die L\u00f6sung dieser Probleme auch in unserer Hand liegt.&#8220; <\/p>\n<p>Quelle: dpa, Reuters<\/p>\n","protected":false},"excerpt":{"rendered":"Bundeskanzler Friedrich Merz hat sich zur Entwicklung der US-Au\u00dfenpolitik unter Pr\u00e4sident Trump ge\u00e4u\u00dfert. Er sehe eine Entwicklung &#8222;hin&hellip;\n","protected":false},"author":2,"featured_media":723771,"comment_status":"","ping_status":"","sticky":false,"template":"","format":"standard","meta":{"footnotes":""},"categories":[3977],"tags":[331,332,13,14,15,12,4017,4018,4016,64,4019,4020],"class_list":{"0":"post-723770","1":"post","2":"type-post","3":"status-publish","4":"format-standard","5":"has-post-thumbnail","7":"category-usa","8":"tag-aktuelle-nachrichten","9":"tag-aktuelle-news","10":"tag-headlines","11":"tag-nachrichten","12":"tag-news","13":"tag-schlagzeilen","14":"tag-united-states","15":"tag-united-states-of-america","16":"tag-us","17":"tag-usa","18":"tag-vereinigte-staaten","19":"tag-vereinigte-staaten-von-amerika"},"share_on_mastodon":{"url":"https:\/\/pubeurope.com\/@de\/115906912200580973","error":""},"_links":{"self":[{"href":"https:\/\/www.europesays.com\/de\/wp-json\/wp\/v2\/posts\/723770","targetHints":{"allow":["GET"]}}],"collection":[{"href":"https:\/\/www.europesays.com\/de\/wp-json\/wp\/v2\/posts"}],"about":[{"href":"https:\/\/www.europesays.com\/de\/wp-json\/wp\/v2\/types\/post"}],"author":[{"embeddable":true,"href":"https:\/\/www.europesays.com\/de\/wp-json\/wp\/v2\/users\/2"}],"replies":[{"embeddable":true,"href":"https:\/\/www.europesays.com\/de\/wp-json\/wp\/v2\/comments?post=723770"}],"version-history":[{"count":0,"href":"https:\/\/www.europesays.com\/de\/wp-json\/wp\/v2\/posts\/723770\/revisions"}],"wp:featuredmedia":[{"embeddable":true,"href":"https:\/\/www.europesays.com\/de\/wp-json\/wp\/v2\/media\/723771"}],"wp:attachment":[{"href":"https:\/\/www.europesays.com\/de\/wp-json\/wp\/v2\/media?parent=723770"}],"wp:term":[{"taxonomy":"category","embeddable":true,"href":"https:\/\/www.europesays.com\/de\/wp-json\/wp\/v2\/categories?post=723770"},{"taxonomy":"post_tag","embeddable":true,"href":"https:\/\/www.europesays.com\/de\/wp-json\/wp\/v2\/tags?post=723770"}],"curies":[{"name":"wp","href":"https:\/\/api.w.org\/{rel}","templated":true}]}}