{"id":723788,"date":"2026-01-16T21:40:50","date_gmt":"2026-01-16T21:40:50","guid":{"rendered":"https:\/\/www.europesays.com\/de\/723788\/"},"modified":"2026-01-16T21:40:50","modified_gmt":"2026-01-16T21:40:50","slug":"karl-banski-stellt-im-schwarzen-adler-aus","status":"publish","type":"post","link":"https:\/\/www.europesays.com\/de\/723788\/","title":{"rendered":"Karl Banski stellt im Schwarzen Adler aus"},"content":{"rendered":"<p class=\"text_ohne_einzug richtext text-em-55 !leading-serif mx-6 desktop:mx-0\">Es ist die erste Kunstausstellung des Schwarzen Adlers im neuen Jahr und zugleich die erste Ausstellung von Karl Banski dort. Die seit 2020 in der beliebten Rheinberger Kultst\u00e4tte agierende Kunstkuratorin Ingrid Lohmann-K\u00fcppers, selbst bildende K\u00fcnstlerin, hat den Duisburger Dokumentarfotografen und Medienk\u00fcnstler f\u00fcr ihre mittlerweile 26. dort organisierte Ausstellung gewinnen k\u00f6nnen.<\/p>\n","protected":false},"excerpt":{"rendered":"Es ist die erste Kunstausstellung des Schwarzen Adlers im neuen Jahr und zugleich die erste Ausstellung von Karl&hellip;\n","protected":false},"author":2,"featured_media":723789,"comment_status":"","ping_status":"","sticky":false,"template":"","format":"standard","meta":{"footnotes":""},"categories":[1838],"tags":[10999,166505,3978,2076,166501,166506,3364,29,25096,3715,7465,166504,30,166503,21433,11893,38443,1209,40111,166502],"class_list":{"0":"post-723788","1":"post","2":"type-post","3":"status-publish","4":"format-standard","5":"has-post-thumbnail","7":"category-duisburg","8":"tag-22https","9":"tag-2fkarlbanski","10":"tag-adler","11":"tag-ausstellung","12":"tag-banski","13":"tag-bildsynthese","14":"tag-de","15":"tag-deutschland","16":"tag-druck","17":"tag-duisburg","18":"tag-duisburger","19":"tag-erstausstellung","20":"tag-germany","21":"tag-ingridlohmannkueppers","22":"tag-karl","23":"tag-kunstausstellung","24":"tag-lohmann","25":"tag-nordrhein-westfalen","26":"tag-schwarz","27":"tag-synthese"},"share_on_mastodon":{"url":"https:\/\/pubeurope.com\/@de\/115906955361125165","error":""},"_links":{"self":[{"href":"https:\/\/www.europesays.com\/de\/wp-json\/wp\/v2\/posts\/723788","targetHints":{"allow":["GET"]}}],"collection":[{"href":"https:\/\/www.europesays.com\/de\/wp-json\/wp\/v2\/posts"}],"about":[{"href":"https:\/\/www.europesays.com\/de\/wp-json\/wp\/v2\/types\/post"}],"author":[{"embeddable":true,"href":"https:\/\/www.europesays.com\/de\/wp-json\/wp\/v2\/users\/2"}],"replies":[{"embeddable":true,"href":"https:\/\/www.europesays.com\/de\/wp-json\/wp\/v2\/comments?post=723788"}],"version-history":[{"count":0,"href":"https:\/\/www.europesays.com\/de\/wp-json\/wp\/v2\/posts\/723788\/revisions"}],"wp:featuredmedia":[{"embeddable":true,"href":"https:\/\/www.europesays.com\/de\/wp-json\/wp\/v2\/media\/723789"}],"wp:attachment":[{"href":"https:\/\/www.europesays.com\/de\/wp-json\/wp\/v2\/media?parent=723788"}],"wp:term":[{"taxonomy":"category","embeddable":true,"href":"https:\/\/www.europesays.com\/de\/wp-json\/wp\/v2\/categories?post=723788"},{"taxonomy":"post_tag","embeddable":true,"href":"https:\/\/www.europesays.com\/de\/wp-json\/wp\/v2\/tags?post=723788"}],"curies":[{"name":"wp","href":"https:\/\/api.w.org\/{rel}","templated":true}]}}