{"id":724011,"date":"2026-01-16T23:44:13","date_gmt":"2026-01-16T23:44:13","guid":{"rendered":"https:\/\/www.europesays.com\/de\/724011\/"},"modified":"2026-01-16T23:44:13","modified_gmt":"2026-01-16T23:44:13","slug":"monaco-royal-musste-erneut-operiert-werden","status":"publish","type":"post","link":"https:\/\/www.europesays.com\/de\/724011\/","title":{"rendered":"Monaco-Royal musste erneut operiert werden"},"content":{"rendered":"<p>F\u00fcrstenhaus kl\u00e4rt auf <\/p>\n<p>Erneute Operation bei Albert von Monaco<\/p>\n<p>16.01.2026 &#8211; 20:30 UhrLesedauer: 1 Min.<\/p>\n<p><a href=\"#focus-0\" class=\"transition-colors duration-200 block text-current relative\" data-sctrack=\"FocusGalleryImage.Reference\"><img fetchpriority=\"high\" data-testid=\"Opener.Image\" style=\"--lqipURL:url('https:\/\/images.t-online.de\/2026\/01\/xCH3KCt1Mloj\/0x68:1685x948\/fit-in\/150x0\/filters:blur(25)\/fuerst-albert-ii-zum-wiederholten-male-muss-der-mann-von-charlene-medizinisch-behandelt-werden.jpg')\"   loading=\"eager\" src=\"https:\/\/www.europesays.com\/de\/wp-content\/uploads\/2026\/01\/fuerst-albert-ii-zum-wiederholten-male-muss-der-mann-von-charlene-medizinisch-behandelt-werden.jpg\" alt=\"F\u00fcrst Albert II.: Zum wiederholten Male muss der Mann von Charl\u00e8ne medizinisch behandelt werden.\" title=\"F\u00fcrst Albert II.: Zum wiederholten Male muss der Mann von Charl\u00e8ne medizinisch behandelt werden.\" width=\"1685\" height=\"948\" class=\"bg-[url:var(--lqipURL)] bg-cover bg-center flex h-full w-full max-w-full\" decoding=\"async\"\/><img style=\"--width:32;--height:32\" loading=\"lazy\" src=\"https:\/\/www.t-online.de\/s\/paper\/_next\/static\/media\/zoom-in.f7dae02f.svg\" alt=\"Vergr\u00f6\u00dfern des Bildes\" title=\"Vergr\u00f6\u00dfern des Bildes\" class=\"block h-[calc(var(--height)_\/_16_*_1rem)] w-[calc(var(--width)_\/_16_*_1rem)] max-w-none absolute bottom-8 right-8 rounded-4 bg-snow p-8\" decoding=\"async\"\/><\/a><\/p>\n<p>F\u00fcrst Albert II.: Zum wiederholten Male muss er medizinisch behandelt werden. (Quelle: Sebastian Kahnert)<\/p>\n<p class=\"font-bold text-18 leading-17\">F\u00fcrst Albert II. musste sich wegen einer gutartigen Hauterkrankung am Kopf operieren lassen. Das F\u00fcrstenhaus meldet sich dazu.<\/p>\n<p class=\"text-18 leading-17\"><a class=\"transition-colors duration-200 cursor-pointer text-inherit no-underline text-salemsfur md:hover:text-magenta md:hover:border-magenta md:focus:text-magenta border-current border-b border-solid break-words\" href=\"https:\/\/www.t-online.de\/themen\/albert-von-monaco\/\" data-sctrack=\"BodyAnchor\" rel=\"nofollow noopener\" target=\"_blank\">Albert von Monaco<\/a> ist an Kopfhaut und Gesicht operiert worden. Wie der F\u00fcrstenpalast mitteilte, sei der 67-J\u00e4hrige &#8222;im Rahmen einer routinem\u00e4\u00dfigen dermatologischen Untersuchung einem geplanten, kurzzeitigen medizinischen Eingriff&#8220; unterzogen worden, um eine &#8222;gutartige Erkrankung&#8220; zu behandeln.<\/p>\n<p class=\"text-18 leading-17\">Dieser Eingriff habe einige Stiche erfordert. Um was f\u00fcr eine Erkrankung es sich konkret handelt, teilte der F\u00fcrstenpalast nicht mit. Das Programm des F\u00fcrsten werde aber wie geplant fortgesetzt, hie\u00df es.<\/p>\n<p class=\"text-18 leading-17\">In den vergangenen Jahren hatten Medien dar\u00fcber berichtet, dass Albert II. sich wegen Hautproblemen mehrfach am Kopf behandeln lassen musste. Zuletzt war 2024 \u00fcber pl\u00f6tzlich aufgetretene rote Flecken auf Stirn und Glatze des F\u00fcrsten spekuliert worden.<\/p>\n<p class=\"text-18 leading-17\">Das F\u00fcrstenhaus hatte zu diesen fr\u00fcheren Berichten keine Stellung bezogen. F\u00fcrst Albert II. ist Ehemann von F\u00fcrstin Charl\u00e8ne. Das Paar hat die elfj\u00e4hrigen Zwillinge Jacques und Gabriella.<\/p>\n<p class=\"text-18 leading-17\">Generell gilt, dass M\u00e4nner mit Glatze einem erh\u00f6hten Risiko von Hautkrebs und Vorstufen davon ausgesetzt sind. Neben Nasenr\u00fccken und Wangen bilden bei ihnen Stirn und Glatze zus\u00e4tzliche sogenannte Sonnenterrassen, die der sch\u00e4dlichen UV-Strahlung der Sonne ausgesetzt sind, warnen Haut\u00e4rzte.<\/p>\n<p class=\"text-18 leading-17\">Die ersten Stufen einer Hautsch\u00e4digung am Kopf lassen sich auf verschiedene Weise behandeln, wenn sie rechtzeitig erkannt werden. Experten raten zum Tragen von einer Kopfbedeckung und dem konsequenten Auftragen von Sonnenschutz.<\/p>\n","protected":false},"excerpt":{"rendered":"F\u00fcrstenhaus kl\u00e4rt auf Erneute Operation bei Albert von Monaco 16.01.2026 &#8211; 20:30 UhrLesedauer: 1 Min. F\u00fcrst Albert II.:&hellip;\n","protected":false},"author":2,"featured_media":724012,"comment_status":"","ping_status":"","sticky":false,"template":"","format":"standard","meta":{"footnotes":"","_share_on_mastodon":"0"},"categories":[155],"tags":[72815,160513,29,214,56020,166566,30,100849,215],"class_list":["post-724011","post","type-post","status-publish","format-standard","has-post-thumbnail","category-unterhaltung","tag-albert-ii","tag-albert-von-monaco","tag-deutschland","tag-entertainment","tag-fuerstenhaus","tag-fuerstenpalast","tag-germany","tag-hauterkrankung","tag-unterhaltung"],"share_on_mastodon":{"url":"https:\/\/pubeurope.com\/@de\/115907439177232887","error":""},"_links":{"self":[{"href":"https:\/\/www.europesays.com\/de\/wp-json\/wp\/v2\/posts\/724011","targetHints":{"allow":["GET"]}}],"collection":[{"href":"https:\/\/www.europesays.com\/de\/wp-json\/wp\/v2\/posts"}],"about":[{"href":"https:\/\/www.europesays.com\/de\/wp-json\/wp\/v2\/types\/post"}],"author":[{"embeddable":true,"href":"https:\/\/www.europesays.com\/de\/wp-json\/wp\/v2\/users\/2"}],"replies":[{"embeddable":true,"href":"https:\/\/www.europesays.com\/de\/wp-json\/wp\/v2\/comments?post=724011"}],"version-history":[{"count":0,"href":"https:\/\/www.europesays.com\/de\/wp-json\/wp\/v2\/posts\/724011\/revisions"}],"wp:featuredmedia":[{"embeddable":true,"href":"https:\/\/www.europesays.com\/de\/wp-json\/wp\/v2\/media\/724012"}],"wp:attachment":[{"href":"https:\/\/www.europesays.com\/de\/wp-json\/wp\/v2\/media?parent=724011"}],"wp:term":[{"taxonomy":"category","embeddable":true,"href":"https:\/\/www.europesays.com\/de\/wp-json\/wp\/v2\/categories?post=724011"},{"taxonomy":"post_tag","embeddable":true,"href":"https:\/\/www.europesays.com\/de\/wp-json\/wp\/v2\/tags?post=724011"}],"curies":[{"name":"wp","href":"https:\/\/api.w.org\/{rel}","templated":true}]}}