{"id":724413,"date":"2026-01-17T03:32:18","date_gmt":"2026-01-17T03:32:18","guid":{"rendered":"https:\/\/www.europesays.com\/de\/724413\/"},"modified":"2026-01-17T03:32:18","modified_gmt":"2026-01-17T03:32:18","slug":"mehr-geburten-2025-aber-auch-mehr-muenchner-kindl","status":"publish","type":"post","link":"https:\/\/www.europesays.com\/de\/724413\/","title":{"rendered":"Mehr Geburten 2025 \u2013 aber auch mehr M\u00fcnchner Kindl?"},"content":{"rendered":"<p class=\"mb-6 text-xs md:text-m lg:text-l font-serif group-[.font-sans]:font-sans \">\n    Die Zahl der Geburten ist in <a href=\"https:\/\/www.augsburger-allgemeine.de\/orte\/aa-muenchen\" target=\"_self\" class=\"underline \" rel=\"noopener\">M\u00fcnchen<\/a> 2025 leicht gestiegen. Das geht aus den Zahlen des Standesamts M\u00fcnchen und des Statistischen Amts M\u00fcnchen hervor, die die M\u00fcnchen Klinik bekannt gegeben hat. Sie umfasst die kommunalen Krankenh\u00e4user M\u00fcnchens. Der Mitteilung nach kamen im vergangenen Jahr 20.906 Menschen <a href=\"https:\/\/www.augsburger-allgemeine.de\/bayern\/muenchen-fahrschueler-kommt-bekifft-zur-ersten-fahrstunde-113186174\" target=\"_self\" class=\"underline \" rel=\"noopener\">in der Landeshauptstadt<\/a> auf die Welt. 15.399 davon besitzen neben dem Geburtsort auch den Wohnort M\u00fcnchen. Beides bedeutet eine Steigerung zu 2024, als 20.415 Kinder in M\u00fcnchen auf die Welt kamen, davon 15.221 mit Geburtsort M\u00fcnchen. Aber gibt es daher auch automatisch mehr M\u00fcnchner Kindl?\n  <\/p>\n<p>      <a href=\"https:\/\/www.augsburger-allgemeine.de\/augsburg\/geburtshilfe-neue-regelung-sorgt-fuer-unsicherheit-in-augsburger-kliniken-112741720\" class=\"hidden  &#010;                md:block md:mr-5 md:min-w-[140px]  aspect-photo md:aspect-tv lg:aspect-tv w-fullXXX relative self-start inline overflow-hidden\" target=\"_blank\" rel=\"noopener\"><\/p>\n<p>    <img decoding=\"async\" src=\"https:\/\/images.mgpd.de\/img\/109145256\/crop\/c3_2-w100\/125224879\/1331881781\/erste-hebammen-sind-mit-bachelor-studium-fertig.jpg\" alt=\"\u201eEs f\u00fchlt sich wie eine Bestrafung an\u201c: Hebammen in der Geburtshilfe bekommen durch eine neue Regelung weniger Geld. Manche denken auch ans Aufh\u00f6ren.\" title=\"\u201eEs f\u00fchlt sich wie eine Bestrafung an\u201c: Hebammen in der Geburtshilfe bekommen durch eine neue Regelung weniger Geld. Manche denken auch ans Aufh\u00f6ren.\" class=\"h-full w-full object-cover\"\/><br \/>\n   <\/a><\/p>\n<p class=\"mb-6 text-xs md:text-m lg:text-l font-serif group-[.font-sans]:font-sans \">\n    Abh\u00e4ngig ist das davon, wie dieser vielschichtige Begriff ausgelegt wird. Nicht gemeint ist damit, dass das M\u00fcnchner Kindl das Stadtwappen ziert und es j\u00e4hrlich zum Umzug <a href=\"https:\/\/www.augsburger-allgemeine.de\/bayern\/oktoberfest-2024-bildergalerie-die-ersten-eindruecke-des-eroeffnungstags-auf-der-wiesn-103062959\" target=\"_self\" class=\"underline \" rel=\"noopener\">zur Er\u00f6ffnung des Oktoberfests<\/a> ein reales M\u00fcnchner Kindl gibt. Sondern dass streng ausgelegt nur M\u00fcnchner, deren Eltern ebenfalls in M\u00fcnchen zur Welt kamen, als M\u00fcnchner Kindl gelten. Allerdings wird diese Auslegung heutzutage im Alltag wenig verwendet und auch online lassen sich kaum Nutzungen in diesem Sinne finden. Wichtig d\u00fcrfte das f\u00fcr Eltern und Babys ohnehin nicht sein \u2013 wohl aber, wenn die Geburt aus einem anderen Grund speziell war.\n  <\/p>\n<p>      <a href=\"https:\/\/www.augsburger-allgemeine.de\/augsburg\/augsburg-geboren-an-heiligabend-wie-ein-augsburger-christkind-selbst-seine-eltern-ueberraschte-113066808\" class=\"hidden  &#010;                md:block md:mr-5 md:min-w-[140px]  aspect-photo md:aspect-tv lg:aspect-tv w-fullXXX relative self-start inline overflow-hidden\" target=\"_blank\" rel=\"noopener\"><\/p>\n<p>    <img decoding=\"async\" src=\"https:\/\/images.mgpd.de\/img\/113066860\/crop\/c3_2-w100\/425861562\/1489745751\/design-ohne-titel-8.jpg\" alt=\"Im Josefinum kam an Heiligabend die Tochter von Theresa und Mathias aus Augsburg zur Welt. Louis Le (rechts) ist das Weihnachtsbaby des Uniklinikums. Auch er wurde an Heiligabend geboren.\" title=\"Im Josefinum kam an Heiligabend die Tochter von Theresa und Mathias aus Augsburg zur Welt. Louis Le (rechts) ist das Weihnachtsbaby des Uniklinikums. Auch er wurde an Heiligabend geboren.\" class=\"h-full w-full object-cover\"\/><br \/>\n   <\/a><\/p>\n<p>            Geburten in M\u00fcnchen: 2025 gab es ein ganz besonderes Zwillingspaar<\/p>\n<p class=\"mb-6 text-xs md:text-m lg:text-l font-serif group-[.font-sans]:font-sans \">\n    So ging die Klinik in ihrer Mitteilung auf ein besonderes Zwillingspaar ein: Ella und Emma, die in Schwabing auf die Welt kamen und das mit zw\u00f6lf Minuten Abstand. Da die beiden rund um Mitternacht geboren wurden, haben sie nun verschiedene Geburtstage: den 16. Februar und den 17. Februar. Die genaue Geburtszeit f\u00fcr die \u00c4ltere wird mit 23.50 Uhr angegeben, die der J\u00fcngeren mit 00.02 Uhr. Chefarzt Dr. Olaf Neumann der M\u00fcnchen Klinik Schwabing ordnet das in der Mitteilung als \u201eunwahrscheinliche Traumgeburt\u201c ein. Auch bei den Geburtsgewichten lagen beide M\u00e4dchen mit 2740 und 2920 Gramm eng zusammen.\n  <\/p>\n<ul data-module-id=\"DragDropModule\" class=\"flex flex-wrap justify-start group-[.no-bookmarks]:hidden\">\n<li class=\"mb-3 mr-3\">\n    Thomas Jensen<\/p>\n<p>      Icon Haken im Kreis gesetzt<\/p>\n<p>      Icon Plus im Kreis<\/p>\n<\/li>\n<li class=\"mb-3 mr-3\">\n    M\u00fcnchen<\/p>\n<p>      Icon Haken im Kreis gesetzt<\/p>\n<p>      Icon Plus im Kreis<\/p>\n<\/li>\n<li class=\"mb-3 mr-3\">\n    Geburt<\/p>\n<p>      Icon Haken im Kreis gesetzt<\/p>\n<p>      Icon Plus im Kreis<\/p>\n<\/li>\n<\/ul>\n","protected":false},"excerpt":{"rendered":"Die Zahl der Geburten ist in M\u00fcnchen 2025 leicht gestiegen. Das geht aus den Zahlen des Standesamts M\u00fcnchen&hellip;\n","protected":false},"author":2,"featured_media":724414,"comment_status":"","ping_status":"","sticky":false,"template":"","format":"standard","meta":{"footnotes":""},"categories":[1827],"tags":[772,29,8500,30,3467,1268,166638,6927,166637,6050,166636],"class_list":{"0":"post-724413","1":"post","2":"type-post","3":"status-publish","4":"format-standard","5":"has-post-thumbnail","7":"category-muenchen","8":"tag-bayern","9":"tag-deutschland","10":"tag-geburt","11":"tag-germany","12":"tag-landeshauptstadt","13":"tag-muenchen","14":"tag-muenchen-klinik-schwabing","15":"tag-oktoberfest","16":"tag-olaf-neumann","17":"tag-schwabing","18":"tag-zwillingspaar"},"share_on_mastodon":{"url":"https:\/\/pubeurope.com\/@de\/115908335760215735","error":""},"_links":{"self":[{"href":"https:\/\/www.europesays.com\/de\/wp-json\/wp\/v2\/posts\/724413","targetHints":{"allow":["GET"]}}],"collection":[{"href":"https:\/\/www.europesays.com\/de\/wp-json\/wp\/v2\/posts"}],"about":[{"href":"https:\/\/www.europesays.com\/de\/wp-json\/wp\/v2\/types\/post"}],"author":[{"embeddable":true,"href":"https:\/\/www.europesays.com\/de\/wp-json\/wp\/v2\/users\/2"}],"replies":[{"embeddable":true,"href":"https:\/\/www.europesays.com\/de\/wp-json\/wp\/v2\/comments?post=724413"}],"version-history":[{"count":0,"href":"https:\/\/www.europesays.com\/de\/wp-json\/wp\/v2\/posts\/724413\/revisions"}],"wp:featuredmedia":[{"embeddable":true,"href":"https:\/\/www.europesays.com\/de\/wp-json\/wp\/v2\/media\/724414"}],"wp:attachment":[{"href":"https:\/\/www.europesays.com\/de\/wp-json\/wp\/v2\/media?parent=724413"}],"wp:term":[{"taxonomy":"category","embeddable":true,"href":"https:\/\/www.europesays.com\/de\/wp-json\/wp\/v2\/categories?post=724413"},{"taxonomy":"post_tag","embeddable":true,"href":"https:\/\/www.europesays.com\/de\/wp-json\/wp\/v2\/tags?post=724413"}],"curies":[{"name":"wp","href":"https:\/\/api.w.org\/{rel}","templated":true}]}}