{"id":724492,"date":"2026-01-17T04:16:20","date_gmt":"2026-01-17T04:16:20","guid":{"rendered":"https:\/\/www.europesays.com\/de\/724492\/"},"modified":"2026-01-17T04:16:20","modified_gmt":"2026-01-17T04:16:20","slug":"vfl-bochum-ergebnisse-spiele-und-tabelle-in-der-saison-2025-2026-6","status":"publish","type":"post","link":"https:\/\/www.europesays.com\/de\/724492\/","title":{"rendered":"VfL Bochum: Ergebnisse, Spiele und Tabelle in der Saison 2025\/2026"},"content":{"rendered":"<p>Insgesamt 17 Spiele hat VfL <a href=\"https:\/\/www.news.de\/thema\/bochum\/1\/\" target=\"_blank\" rel=\"noopener\"><strong>Bochum<\/strong><\/a> bislang in der Saison 2025\/2026 absolviert und dabei 21 Punkte eingefahren. Aktuell findet sich das Team auf dem 10. Tabellenrang wieder.  <\/p>\n<p>Ergebnisse der letzten 5 Spiele von VfL Bochum in der Saison 2025\/2026<\/p>\n<p>2 Siege (1 Heimsieg und 1 Ausw\u00e4rtssieg), 1 Niederlage und 2 Unentschieden &#8211; das ist die Bilanz der letzten f\u00fcnf Spiele f\u00fcr <a href=\"https:\/\/www.news.de\/thema\/vfl-bochum\/1\/\" target=\"_blank\" rel=\"noopener\"><strong>VfL Bochum<\/strong><\/a> in der <a href=\"https:\/\/www.news.de\/thema\/2-bundesliga\/1\/\" target=\"_blank\" rel=\"noopener\"><strong>2. Bundesliga<\/strong><\/a>.  <\/p>\n<tr>DatumHeimGastErgebnis<\/tr>\n<tr>\n<td>20.12.2025<\/td>\n<td>VfL Bochum<\/td>\n<td>Karlsruher SC<\/td>\n<td>2:2<\/td>\n<\/tr>\n<tr>\n<td>13.12.2025<\/td>\n<td>Hannover 96<\/td>\n<td>VfL Bochum<\/td>\n<td>0:0<\/td>\n<\/tr>\n<tr>\n<td>06.12.2025<\/td>\n<td>VfL Bochum<\/td>\n<td>DSC Arminia Bielefeld<\/td>\n<td>1:0<\/td>\n<\/tr>\n<tr>\n<td>29.11.2025<\/td>\n<td>SpVgg Greuther F\u00fcrth<\/td>\n<td>VfL Bochum<\/td>\n<td>0:3<\/td>\n<\/tr>\n<tr>\n<td>21.11.2025<\/td>\n<td>VfL Bochum<\/td>\n<td>SG Dynamo Dresden<\/td>\n<td>1:2<\/td>\n<\/tr>\n<p>Die n\u00e4chsten Spiele f\u00fcr VfL Bochum in der 2. Bundesliga<\/p>\n<p>Im n\u00e4chsten Spiel trifft VfL Bochum vor heimischen Fans auf den SV Darmstadt 98, welcher aktuell auf Rang 3 in der Tabelle der 2. Bundesliga steht. Anpfiff ist am Sonntag, den 18.01.2026 um 13.30 Uhr. F\u00fcr die n\u00e4chsten Spieltage sind noch Matches gegen SV 07 Elversberg, den FC Schalke 04, SC Preu\u00dfen M\u00fcnster und den SC Paderborn angesetzt.  <\/p>\n<tr>DatumHeimGast<\/tr>\n<tr>\n<td>18.01.2026, 13.30 Uhr<\/td>\n<td>VfL Bochum<\/td>\n<td>SV Darmstadt 98<\/td>\n<\/tr>\n<tr>\n<td>25.01.2026, 13.30 Uhr<\/td>\n<td>SV 07 Elversberg<\/td>\n<td>VfL Bochum<\/td>\n<\/tr>\n<tr>\n<td>31.01.2026, 13.00 Uhr<\/td>\n<td>VfL Bochum<\/td>\n<td>FC Schalke 04<\/td>\n<\/tr>\n<tr>\n<td>06.02.2026, 18.30 Uhr<\/td>\n<td>SC Preu\u00dfen M\u00fcnster<\/td>\n<td>VfL Bochum<\/td>\n<\/tr>\n<tr>\n<td>15.02.2026, 13.30 Uhr<\/td>\n<td>VfL Bochum<\/td>\n<td>SC Paderborn 07<\/td>\n<\/tr>\n<p><a href=\"https:\/\/www.news.de\/sport\/857740085\/2-bundesliga-im-tv-und-live-stream-vorschau-fuer-sport1-naechste-termine-und-sender-fuer-uebertragung-der-sport-sendungen-im-fernsehen\/1\/\" rel=\"nofollow noopener\" target=\"_blank\"><strong>2. Bundesliga im Fernsehen: Aktuelle TV-Termine im \u00dcberblick!<\/strong><\/a>  <\/p>\n<p>Statistik und Highlights der laufenden Saison 2025\/2026<\/p>\n<tr>Statistik<\/tr>\n<tr>\n<td>H\u00f6chste Heimsiege<\/td>\n<td>2:0 (VfL Bochum &#8211; 1. FC Magdeburg), 2:0 (VfL Bochum &#8211; SV 07 Elversberg)<\/td>\n<\/tr>\n<tr>\n<td>H\u00f6chster Ausw\u00e4rtssieg<\/td>\n<td>0:3 (SpVgg Greuther F\u00fcrth &#8211; VfL Bochum)<\/td>\n<\/tr>\n<tr>\n<td>Spiele zu Null<\/td>\n<td>6<\/td>\n<\/tr>\n<tr>\n<td>Torreichste Spiele<\/td>\n<td>3:2 (VfL Bochum &#8211; Hertha BSC), 3:2 (1. FC Kaiserslautern &#8211; VfL Bochum), 4:1 (SV Darmstadt 98 &#8211; VfL Bochum)<\/td>\n<\/tr>\n<p>VfL Bochum News 2026: Aktuelle Nachrichten zum Verein<\/p>\n<p>Hier erhalten Sie einen \u00dcberblick \u00fcber aktuelle News wie Spielberichte zu den letzten Partien der 2. Bundesliga, Vorberichte mit Infos zu bevorstehenden Live-\u00dcbertragungen und mehr. Weitere Nachrichten zum Verein finden Sie auf der <a href=\"https:\/\/www.news.de\/thema\/vfl-bochum\/1\/\" target=\"_blank\" rel=\"noopener\"><strong>news.de-Themenseite f\u00fcr VfL Bochum<\/strong><\/a>.  <\/p>\n<p>VfL Bochum in der aktuellen 2. Bundesliga-Tabelle 2025\/2026<\/p>\n<tr>PlatzTeamSpieleSUNToreDiff.Pkt.<\/tr>\n<tr>\n<td>1<\/td>\n<td>Schalke 04<\/td>\n<td>17<\/td>\n<td>12<\/td>\n<td>1<\/td>\n<td>4<\/td>\n<td>22:10<\/td>\n<td>12<\/td>\n<td>37<\/td>\n<\/tr>\n<tr>\n<td>2<\/td>\n<td>SV 07 Elversberg<\/td>\n<td>17<\/td>\n<td>10<\/td>\n<td>4<\/td>\n<td>3<\/td>\n<td>31:15<\/td>\n<td>16<\/td>\n<td>34<\/td>\n<\/tr>\n<tr>\n<td>3<\/td>\n<td>Darmstadt 98<\/td>\n<td>17<\/td>\n<td>9<\/td>\n<td>6<\/td>\n<td>2<\/td>\n<td>29:17<\/td>\n<td>12<\/td>\n<td>33<\/td>\n<\/tr>\n<tr>\n<td>4<\/td>\n<td>SC Paderborn<\/td>\n<td>17<\/td>\n<td>10<\/td>\n<td>3<\/td>\n<td>4<\/td>\n<td>28:18<\/td>\n<td>10<\/td>\n<td>33<\/td>\n<\/tr>\n<tr>\n<td>5<\/td>\n<td>Hannover 96<\/td>\n<td>17<\/td>\n<td>8<\/td>\n<td>5<\/td>\n<td>4<\/td>\n<td>30:22<\/td>\n<td>8<\/td>\n<td>29<\/td>\n<\/tr>\n<tr>\n<td>6<\/td>\n<td>Hertha BSC<\/td>\n<td>17<\/td>\n<td>8<\/td>\n<td>4<\/td>\n<td>5<\/td>\n<td>21:16<\/td>\n<td>5<\/td>\n<td>28<\/td>\n<\/tr>\n<tr>\n<td>7<\/td>\n<td>FC K\u00b4lautern<\/td>\n<td>17<\/td>\n<td>8<\/td>\n<td>3<\/td>\n<td>6<\/td>\n<td>29:21<\/td>\n<td>8<\/td>\n<td>27<\/td>\n<\/tr>\n<tr>\n<td>8<\/td>\n<td>N\u00fcrnberg<\/td>\n<td>17<\/td>\n<td>6<\/td>\n<td>4<\/td>\n<td>7<\/td>\n<td>19:23<\/td>\n<td>-4<\/td>\n<td>22<\/td>\n<\/tr>\n<tr>\n<td>9<\/td>\n<td>Karlsruhe<\/td>\n<td>17<\/td>\n<td>6<\/td>\n<td>4<\/td>\n<td>7<\/td>\n<td>25:33<\/td>\n<td>-8<\/td>\n<td>22<\/td>\n<\/tr>\n<tr>\n<td><strong>10<\/strong><\/td>\n<td><strong>VfL Bochum<\/strong><\/td>\n<td><strong>17<\/strong><\/td>\n<td><strong>6<\/strong><\/td>\n<td><strong>3<\/strong><\/td>\n<td><strong>8<\/strong><\/td>\n<td><strong>23:22<\/strong><\/td>\n<td><strong>1<\/strong><\/td>\n<td><strong>21<\/strong><\/td>\n<\/tr>\n<tr>\n<td>11<\/td>\n<td>Holstein K.<\/td>\n<td>17<\/td>\n<td>5<\/td>\n<td>5<\/td>\n<td>7<\/td>\n<td>20:22<\/td>\n<td>-2<\/td>\n<td>20<\/td>\n<\/tr>\n<tr>\n<td>12<\/td>\n<td>SC Preu\u00dfen M\u00fcnster<\/td>\n<td>17<\/td>\n<td>5<\/td>\n<td>5<\/td>\n<td>7<\/td>\n<td>22:26<\/td>\n<td>-4<\/td>\n<td>20<\/td>\n<\/tr>\n<tr>\n<td>13<\/td>\n<td>Magdeburg<\/td>\n<td>18<\/td>\n<td>6<\/td>\n<td>2<\/td>\n<td>10<\/td>\n<td>24:29<\/td>\n<td>-5<\/td>\n<td>20<\/td>\n<\/tr>\n<tr>\n<td>14<\/td>\n<td>F. D\u00fcsseld.<\/td>\n<td>18<\/td>\n<td>6<\/td>\n<td>2<\/td>\n<td>10<\/td>\n<td>16:27<\/td>\n<td>-11<\/td>\n<td>20<\/td>\n<\/tr>\n<tr>\n<td>15<\/td>\n<td>E. Braunsch.<\/td>\n<td>18<\/td>\n<td>6<\/td>\n<td>2<\/td>\n<td>10<\/td>\n<td>20:32<\/td>\n<td>-12<\/td>\n<td>20<\/td>\n<\/tr>\n<tr>\n<td>16<\/td>\n<td>DSC Arminia<\/td>\n<td>18<\/td>\n<td>5<\/td>\n<td>4<\/td>\n<td>9<\/td>\n<td>27:25<\/td>\n<td>2<\/td>\n<td>19<\/td>\n<\/tr>\n<tr>\n<td>17<\/td>\n<td>Gr. F\u00fcrth<\/td>\n<td>17<\/td>\n<td>4<\/td>\n<td>3<\/td>\n<td>10<\/td>\n<td>26:44<\/td>\n<td>-18<\/td>\n<td>15<\/td>\n<\/tr>\n<tr>\n<td>18<\/td>\n<td>SG Dynamo<\/td>\n<td>17<\/td>\n<td>3<\/td>\n<td>4<\/td>\n<td>10<\/td>\n<td>24:34<\/td>\n<td>-10<\/td>\n<td>13<\/td>\n<\/tr>\n<p>        FOTOSTRECKE: Maskottchen-Parade: Von Storch bis Panda: Kennen Sie alle Maskottchen der deutschen Fu\u00dfball-Vereine?    <\/p>\n<p>        <a title=\"Von Storch bis Panda: Kennen Sie alle Maskottchen der deutschen Fu\u00dfball-Vereine?\" class=\"position-relative d-block iconmoon-overlay\" data-article-id=\"858851230\" href=\"https:\/\/www.news.de\/fotostrecke\/850720374\/fussball-maskottchen-der-1-und-2-bundesliga-berni-bulli-emma-und-co-bringen-ihren-vereinen-glueck\/1\/\" target=\"_blank\" rel=\"noopener\"><img decoding=\"async\" src=\"https:\/\/www.europesays.com\/de\/wp-content\/uploads\/2025\/08\/fuechsle-vom-sc-freiburg_858059007_1200x675_335e026473bdece0fb238f8fe6ee77de.jpg\" loading=\"lazy\" class=\"img-cover\" alt=\"F\u00fcchsle vom SC Freiburg (Foto)\" title=\"F\u00fcchsle vom SC Freiburg\" width=\"1200\" height=\"675\"\/><\/a>        Bild:<br \/>\n            picture alliance\/dpa | Tom Weller<\/p>\n<p>+++ Redaktioneller Hinweis: Dieser Text wurde auf Basis aktueller Sportdaten generiert und wird regelm\u00e4\u00dfig datengetrieben aktualisiert. Feedback und Anmerkungen nehmen wir unter hinweis@news.de entgegen. +++  <\/p>\n<p><a href=\"https:\/\/www.news.de\/thema\/2-bundesliga\/1\/\" target=\"_blank\" rel=\"noopener\"><strong>Noch mehr News zur 2. Fu\u00dfball-Bundesliga lesen Sie hier.<\/strong><\/a>  <\/p>\n<p><a href=\"https:\/\/www.news.de\/autor\/Sarah+Knauth\/\" rel=\"author noopener\" target=\"_blank\">kns<\/a>\/roj\/news.de<\/p>\n","protected":false},"excerpt":{"rendered":"Insgesamt 17 Spiele hat VfL Bochum bislang in der Saison 2025\/2026 absolviert und dabei 21 Punkte eingefahren. Aktuell&hellip;\n","protected":false},"author":2,"featured_media":333268,"comment_status":"","ping_status":"","sticky":false,"template":"","format":"standard","meta":{"footnotes":""},"categories":[1839],"tags":[7507,3364,29,30,1209,265],"class_list":{"0":"post-724492","1":"post","2":"type-post","3":"status-publish","4":"format-standard","5":"has-post-thumbnail","7":"category-bochum","8":"tag-bochum","9":"tag-de","10":"tag-deutschland","11":"tag-germany","12":"tag-nordrhein-westfalen","13":"tag-sport"},"share_on_mastodon":{"url":"https:\/\/pubeurope.com\/@de\/115908508659160860","error":""},"_links":{"self":[{"href":"https:\/\/www.europesays.com\/de\/wp-json\/wp\/v2\/posts\/724492","targetHints":{"allow":["GET"]}}],"collection":[{"href":"https:\/\/www.europesays.com\/de\/wp-json\/wp\/v2\/posts"}],"about":[{"href":"https:\/\/www.europesays.com\/de\/wp-json\/wp\/v2\/types\/post"}],"author":[{"embeddable":true,"href":"https:\/\/www.europesays.com\/de\/wp-json\/wp\/v2\/users\/2"}],"replies":[{"embeddable":true,"href":"https:\/\/www.europesays.com\/de\/wp-json\/wp\/v2\/comments?post=724492"}],"version-history":[{"count":0,"href":"https:\/\/www.europesays.com\/de\/wp-json\/wp\/v2\/posts\/724492\/revisions"}],"wp:featuredmedia":[{"embeddable":true,"href":"https:\/\/www.europesays.com\/de\/wp-json\/wp\/v2\/media\/333268"}],"wp:attachment":[{"href":"https:\/\/www.europesays.com\/de\/wp-json\/wp\/v2\/media?parent=724492"}],"wp:term":[{"taxonomy":"category","embeddable":true,"href":"https:\/\/www.europesays.com\/de\/wp-json\/wp\/v2\/categories?post=724492"},{"taxonomy":"post_tag","embeddable":true,"href":"https:\/\/www.europesays.com\/de\/wp-json\/wp\/v2\/tags?post=724492"}],"curies":[{"name":"wp","href":"https:\/\/api.w.org\/{rel}","templated":true}]}}