{"id":724631,"date":"2026-01-17T05:38:12","date_gmt":"2026-01-17T05:38:12","guid":{"rendered":"https:\/\/www.europesays.com\/de\/724631\/"},"modified":"2026-01-17T05:38:12","modified_gmt":"2026-01-17T05:38:12","slug":"drei-sorgen-und-ein-gluecksfall-fuer-wladimir-putin","status":"publish","type":"post","link":"https:\/\/www.europesays.com\/de\/724631\/","title":{"rendered":"Drei Sorgen und ein Gl\u00fccksfall f\u00fcr Wladimir Putin"},"content":{"rendered":"<p>Und Trump, auf den Putin als Partner gesetzt hat, l\u00e4sst Tanker dubioser Herkunft auf den Meeren beschlagnahmen. F\u00fcr den Herrn im Wei\u00dfen Haus h\u00e4ngt das mit Venezuela zusammen, aber es geht um dieselbe Schattenflotte, die auch Russlands \u00d6l verschifft, um den Ukraine-Krieg zu finanzieren. Einige Tanker haben sich unter die russische Flagge gefl\u00fcchtet, doch das bringt keinen Schutz: Die US-Marinesoldaten seilen sich trotzdem auf ihr Deck ab.<\/p>\n","protected":false},"excerpt":{"rendered":"Und Trump, auf den Putin als Partner gesetzt hat, l\u00e4sst Tanker dubioser Herkunft auf den Meeren beschlagnahmen. F\u00fcr&hellip;\n","protected":false},"author":2,"featured_media":724632,"comment_status":"","ping_status":"","sticky":false,"template":"","format":"standard","meta":{"footnotes":""},"categories":[4013],"tags":[331,332,165448,166689,13,14,15,4043,4044,850,307,12],"class_list":{"0":"post-724631","1":"post","2":"type-post","3":"status-publish","4":"format-standard","5":"has-post-thumbnail","7":"category-russland","8":"tag-aktuelle-nachrichten","9":"tag-aktuelle-news","10":"tag-dpa-import","11":"tag-dpa-politik","12":"tag-headlines","13":"tag-nachrichten","14":"tag-news","15":"tag-russia","16":"tag-russian-federation","17":"tag-russische-foederation","18":"tag-russland","19":"tag-schlagzeilen"},"share_on_mastodon":{"url":"https:\/\/pubeurope.com\/@de\/115908831339282905","error":""},"_links":{"self":[{"href":"https:\/\/www.europesays.com\/de\/wp-json\/wp\/v2\/posts\/724631","targetHints":{"allow":["GET"]}}],"collection":[{"href":"https:\/\/www.europesays.com\/de\/wp-json\/wp\/v2\/posts"}],"about":[{"href":"https:\/\/www.europesays.com\/de\/wp-json\/wp\/v2\/types\/post"}],"author":[{"embeddable":true,"href":"https:\/\/www.europesays.com\/de\/wp-json\/wp\/v2\/users\/2"}],"replies":[{"embeddable":true,"href":"https:\/\/www.europesays.com\/de\/wp-json\/wp\/v2\/comments?post=724631"}],"version-history":[{"count":0,"href":"https:\/\/www.europesays.com\/de\/wp-json\/wp\/v2\/posts\/724631\/revisions"}],"wp:featuredmedia":[{"embeddable":true,"href":"https:\/\/www.europesays.com\/de\/wp-json\/wp\/v2\/media\/724632"}],"wp:attachment":[{"href":"https:\/\/www.europesays.com\/de\/wp-json\/wp\/v2\/media?parent=724631"}],"wp:term":[{"taxonomy":"category","embeddable":true,"href":"https:\/\/www.europesays.com\/de\/wp-json\/wp\/v2\/categories?post=724631"},{"taxonomy":"post_tag","embeddable":true,"href":"https:\/\/www.europesays.com\/de\/wp-json\/wp\/v2\/tags?post=724631"}],"curies":[{"name":"wp","href":"https:\/\/api.w.org\/{rel}","templated":true}]}}