{"id":724881,"date":"2026-01-17T08:00:06","date_gmt":"2026-01-17T08:00:06","guid":{"rendered":"https:\/\/www.europesays.com\/de\/724881\/"},"modified":"2026-01-17T08:00:06","modified_gmt":"2026-01-17T08:00:06","slug":"ueberraschende-entwicklung-aerzte-arbeitslosigkeit-steigt-zuegig","status":"publish","type":"post","link":"https:\/\/www.europesays.com\/de\/724881\/","title":{"rendered":"\u00dcberraschende Entwicklung: \u00c4rzte-Arbeitslosigkeit steigt z\u00fcgig"},"content":{"rendered":"<p><a href=\"https:\/\/www.br.de\/nachrichten\/bayern\/hausaerztemangel-sprechstunde-bei-der-arztassistentin,UrDSVxr\" target=\"_blank\" rel=\"noopener\">Der Arztberuf sei ein &#8222;Mangelberuf&#8220;<\/a>, erkl\u00e4rt die Bundesagentur f\u00fcr Arbeit. Doch die Zahl der arbeitslosen \u00c4rzte, die die Bayerische Landes\u00e4rztekammer in ihrer Jahresstatistik auff\u00fchrt, ist im vergangenen Jahr um mehr als zehn Prozent gestiegen, auf 2.960. Innerhalb eines Jahrzehnts betr\u00e4gt der Zuwachs mehr als 70 Prozent. <\/p>\n<p>\u00dcberproportionaler Anstieg bei arbeitslosen \u00c4rzten<\/p>\n<p>Zwar steigt auch die Zahl der berufst\u00e4tigen \u00c4rztinnen und \u00c4rzte in Bayern von Jahr zu Jahr. Zwischen 2015 und 2025 legte sie um fast 23 Prozent zu, auf zuletzt 74.926. Denn jedes Jahr kommen mehr junge Mediziner in den Beruf als ausscheiden. Doch der Anstieg der Zahl der arbeitslosen \u00c4rzte ist mehr als dreimal so schnell wie der Anstieg bei den Berufst\u00e4tigen.<\/p>\n<p>Erkl\u00e4rungen f\u00fcr h\u00f6here Arbeitslosigkeit<\/p>\n<p>Trotzdem sucht Bayerns \u00c4rztepr\u00e4sident Gerald Quitterer nach Erkl\u00e4rungen f\u00fcr den Anstieg der Arbeitslosigkeit unter seinen Kolleginnen und Kollegen. Erkl\u00e4rungsans\u00e4tze findet er vor allem in zwei Entwicklungen, die schon l\u00e4nger andauern:<\/p>\n<p>Auch in Praxen arbeiten immer mehr \u00c4rztinnen und \u00c4rzte als Angestellte. Dort ist ihr Anteil inzwischen in Bayern auf fast 40 Prozent gewachsen, vor zehn Jahren war dieser Anteil erst gut halb so hoch. Wer aber von einer Anstellung zu einer anderen wechsele, sei oftmals zwischendrin einige Monate ohne Besch\u00e4ftigung und falle deswegen in der Statistik in die Kategorie &#8222;arbeitslos&#8220;, erl\u00e4utert Quitterer. <\/p>\n<p>Ein anderer Faktor sei <a href=\"https:\/\/www.br.de\/nachrichten\/bayern\/aerztemangel-anerkennung-von-medizinern-aus-dem-ausland-weiter-kompliziert,V2tXqJq\" target=\"_blank\" rel=\"noopener\">die steigende Zahl von \u00c4rztinnen und \u00c4rzten mit ausl\u00e4ndischem Pass<\/a>. Es sei eine gro\u00dfe Bereicherung, dass jedes Jahr aus der ganzen Welt Mediziner nach Bayern kommen, betont der Landes\u00e4rztepr\u00e4sident. Nach Daten der Bundes\u00e4rztekammer hat sich die Zahl der ausl\u00e4ndischen \u00c4rzte innerhalb eines Jahrzehnts verdoppelt, auf bundesweit zuletzt gut 68.000.<\/p>\n<p>Bis ausl\u00e4ndische Kollegen alle Anerkennungen haben, vergehe aber oft betr\u00e4chtliche Zeit, stellt Bayerns \u00c4rztepr\u00e4sident fest: &#8222;Auch das k\u00f6nnte ein Grund sein, warum wir vermehrt Kollegen haben, die als Arbeitslose in die Statistik kommen.&#8220;<\/p>\n<p>Anspr\u00fcche an den Arbeitsplatz<\/p>\n<p>Neben Anerkennungsproblemen, vor denen ausl\u00e4ndische \u00c4rzte stehen, hat die Arbeitsagentur eine zus\u00e4tzliche Erkl\u00e4rung, warum die Arbeitslosigkeit im Arztberuf steigt: &#8222;Eine wachsende Diskrepanz zwischen den W\u00fcnschen der arbeitssuchenden Medizinerinnen und Mediziner und den angebotenen Stellen&#8220; k\u00f6nne ein Erkl\u00e4rungsansatz sein, schreibt die Bundesagentur f\u00fcr Arbeit.<\/p>\n<p>Zu dieser &#8222;Diskrepanz&#8220; passt nach Einsch\u00e4tzung der Arbeitsagentur auch ein anderer Befund: Von den arbeitslosen \u00c4rztinnen und \u00c4rzten seien vergleichsweise viele in Gro\u00dfst\u00e4dten gemeldet, in l\u00e4ndlichen Regionen hingegen sei die \u00c4rzte-Arbeitslosigkeit besonders gering.<\/p>\n<p>Aufmerksamkeit, aber keine Sorge<\/p>\n<p>Der z\u00fcgige Anstieg der \u00c4rzte-Arbeitslosigkeit l\u00f6st bei Fachleuten noch keine Besorgnis aus. Die \u00c4rztegewerkschaft Marburger Bund erkl\u00e4rt auf BR-Anfrage: &#8222;Wir sehen bundesweit kein gr\u00f6\u00dferes Problem im Hinblick auf Arbeitslosigkeit unter \u00c4rztinnen und \u00c4rzten.&#8220;<\/p>\n<p>Ebenso betont Bayerns \u00c4rztepr\u00e4sident Quitterer, er mache sich &#8222;keine Sorgen&#8220;, auch wenn er den Anstieg der Arbeitslosenzahlen auff\u00e4llig findet. Der Kammerpr\u00e4sident erg\u00e4nzt allerdings: &#8222;Wenn sich das weiter so entwickelt, m\u00fcsste man genauer darauf schauen.&#8220;<\/p>\n<p>Weiterhin Vollbesch\u00e4ftigung<\/p>\n<p>Auch wenn die \u00c4rzte-Arbeitslosigkeit steigt, sieht die Bundesagentur f\u00fcr Arbeit (BA) einen &#8222;Fachkr\u00e4ftemangel in der Humanmedizin&#8220;. Die Arbeitslosenquote im Arztberuf bleibe im Bereich der Vollbesch\u00e4ftigung, schreibt die BA in einer Sonderauswertung f\u00fcr den Bereich Medizin und Pharmazie. Bundesweit liegt die Arbeitslosenquote in der \u00c4rzteschaft bei 2,5 Prozent.<\/p>\n","protected":false},"excerpt":{"rendered":"Der Arztberuf sei ein &#8222;Mangelberuf&#8220;, erkl\u00e4rt die Bundesagentur f\u00fcr Arbeit. Doch die Zahl der arbeitslosen \u00c4rzte, die die&hellip;\n","protected":false},"author":2,"featured_media":724882,"comment_status":"","ping_status":"","sticky":false,"template":"","format":"standard","meta":{"footnotes":""},"categories":[2],"tags":[5401,142,166767,29,30,13,14,15,12,10,8,9,11],"class_list":{"0":"post-724881","1":"post","2":"type-post","3":"status-publish","4":"format-standard","5":"has-post-thumbnail","7":"category-deutschland","8":"tag-arbeitslosigkeit","9":"tag-aerzte","10":"tag-bayerische-landesaerztekammer","11":"tag-deutschland","12":"tag-germany","13":"tag-headlines","14":"tag-nachrichten","15":"tag-news","16":"tag-schlagzeilen","17":"tag-top-news","18":"tag-top-meldungen","19":"tag-topmeldungen","20":"tag-topnews"},"share_on_mastodon":{"url":"https:\/\/pubeurope.com\/@de\/115909389487283582","error":""},"_links":{"self":[{"href":"https:\/\/www.europesays.com\/de\/wp-json\/wp\/v2\/posts\/724881","targetHints":{"allow":["GET"]}}],"collection":[{"href":"https:\/\/www.europesays.com\/de\/wp-json\/wp\/v2\/posts"}],"about":[{"href":"https:\/\/www.europesays.com\/de\/wp-json\/wp\/v2\/types\/post"}],"author":[{"embeddable":true,"href":"https:\/\/www.europesays.com\/de\/wp-json\/wp\/v2\/users\/2"}],"replies":[{"embeddable":true,"href":"https:\/\/www.europesays.com\/de\/wp-json\/wp\/v2\/comments?post=724881"}],"version-history":[{"count":0,"href":"https:\/\/www.europesays.com\/de\/wp-json\/wp\/v2\/posts\/724881\/revisions"}],"wp:featuredmedia":[{"embeddable":true,"href":"https:\/\/www.europesays.com\/de\/wp-json\/wp\/v2\/media\/724882"}],"wp:attachment":[{"href":"https:\/\/www.europesays.com\/de\/wp-json\/wp\/v2\/media?parent=724881"}],"wp:term":[{"taxonomy":"category","embeddable":true,"href":"https:\/\/www.europesays.com\/de\/wp-json\/wp\/v2\/categories?post=724881"},{"taxonomy":"post_tag","embeddable":true,"href":"https:\/\/www.europesays.com\/de\/wp-json\/wp\/v2\/tags?post=724881"}],"curies":[{"name":"wp","href":"https:\/\/api.w.org\/{rel}","templated":true}]}}