{"id":725228,"date":"2026-01-17T11:17:15","date_gmt":"2026-01-17T11:17:15","guid":{"rendered":"https:\/\/www.europesays.com\/de\/725228\/"},"modified":"2026-01-17T11:17:15","modified_gmt":"2026-01-17T11:17:15","slug":"fc-barcelona-dro-fernandez-will-weg-psg-im-rennen-um-schnaeppchen-vor-bvb","status":"publish","type":"post","link":"https:\/\/www.europesays.com\/de\/725228\/","title":{"rendered":"FC Barcelona: Dro Fern\u00e1ndez will weg \u2013 PSG im Rennen um Schn\u00e4ppchen vor BVB"},"content":{"rendered":"<p>Teil des Talente-Kalenders 2025\u00a0<\/p>\n<p>                                    <img decoding=\"async\" src=\"https:\/\/www.europesays.com\/de\/wp-content\/uploads\/2026\/01\/dro-fernandez-fc-barcelona-2025-2026-1765375699-184845.jpg\" title=\"FC Barcelona: Dro Fern\u00e1ndez will weg \u2013 PSG im Rennen um Schn\u00e4ppchen vor BVB\" alt=\"FC Barcelona: Dro Fern\u00e1ndez will weg \u2013 PSG im Rennen um Schn\u00e4ppchen vor BVB\"\/><\/p>\n<p>\n                                       \u00a9IMAGO\n                                    <\/p>\n<p>Noch an Weihnachten stellte Transfermarkt <a title=\"Dro Fern\u00e1ndez\" href=\"https:\/\/www.transfermarkt.de\/dro-fernandez\/profil\/spieler\/1071596\" target=\"_blank\" rel=\"noopener\">Dro Fern\u00e1ndez<\/a> im <a href=\"https:\/\/www.transfermarkt.de\/dro-fernandez-entzucken-bei-flick-und-am-anderen-ende-der-welt-spektakel-quot-dank-futsal\/view\/news\/464362\" target=\"_blank\" rel=\"noopener\">Talente-Kalender<\/a> als eine der gro\u00dfen Hoffnungen im Nachwuchs des <a title=\"FC Barcelona\" href=\"https:\/\/www.transfermarkt.de\/fc-barcelona\/startseite\/verein\/131\" target=\"_blank\" rel=\"noopener\">FC Barcelona<\/a> vor, nun scheint das Kapitel viel schneller als gedacht zu Ende zu gehen. Nach \u00fcbereinstimmenden Medienberichten aus Spanien will das 18 Jahre alte Offensivtalent die Katalanen in diesem Winter verlassen. Eine Ausstiegsklausel macht ihn dabei zum Schn\u00e4ppchen.<\/p>\n<p><\/p>\n<p>Gerade einmal 6 Millionen Euro m\u00fcsste ein Verein \u00fcberweisen, um Fern\u00e1ndez aus seinem noch bis 2027 g\u00fcltigen Vertrag herauszukaufen. Diesen wollte Bar\u00e7a eigentlich rund um seinen 18. Geburtstag am vergangenen Montag verl\u00e4ngern, doch eine Einigung blieb aus. Stattdessen habe Fern\u00e1ndez Trainer <a title=\"Hansi Flick\" href=\"https:\/\/www.transfermarkt.de\/hansi-flick\/profil\/trainer\/67\" target=\"_blank\" rel=\"noopener\">Hansi Flick<\/a>, der gro\u00dfe St\u00fccke auf das Talent h\u00e4lt, am Freitag \u00fcber seinen Wechselwunsch informiert.<\/p>\n<p><\/p>\n<p>Der Hauptgrund daf\u00fcr sei die starke Konkurrenz auf seinen Positionen. Fern\u00e1ndez muss sich mit Gr\u00f6\u00dfen wie <a title=\"Frenkie de Jong\" href=\"https:\/\/www.transfermarkt.de\/frenkie-de-jong\/profil\/spieler\/326330\" target=\"_blank\" rel=\"noopener\">Frenkie de Jong<\/a> (28), <a href=\"https:\/\/www.transfermarkt.de\/pedri\/profil\/spieler\/683840\" target=\"_blank\" rel=\"noopener\">Pedri<\/a> (23), <a href=\"https:\/\/www.transfermarkt.de\/gavi\/profil\/spieler\/646740\" target=\"_blank\" rel=\"noopener\">Gavi<\/a> (21), <a href=\"https:\/\/www.transfermarkt.de\/dani-olmo\/profil\/spieler\/293385\" target=\"_blank\" rel=\"noopener\">Dani Olmo<\/a> (27), <a href=\"https:\/\/www.transfermarkt.de\/fermin-lopez\/profil\/spieler\/636703\" target=\"_blank\" rel=\"noopener\">Ferm\u00edn L\u00f3pez<\/a> (22), <a href=\"https:\/\/www.transfermarkt.de\/raphinha\/profil\/spieler\/411295\" target=\"_blank\" rel=\"noopener\">Raphinha<\/a> (29) oder <a href=\"https:\/\/www.transfermarkt.de\/marcus-rashford\/profil\/spieler\/258923\" target=\"_blank\" rel=\"noopener\">Marcus Rashford<\/a> (28) messen. Der Youngster war in dieser Saison eigentlich f\u00fcr <a title=\"FC Barcelona Atl\u00e8tic\" href=\"https:\/\/www.transfermarkt.de\/fc-barcelona-b\/startseite\/verein\/2464\" target=\"_blank\" rel=\"noopener\">Bar\u00e7a Atl\u00e8tic<\/a> vorgesehen, \u00fcberzeugte jedoch in der Vorbereitung so sehr, dass er \u2013 sofern nicht angeschlagen \u2013 immer im Aufgebot von Flick stand. Zum Einsatz kam er jedoch nur f\u00fcnfmal \u00fcber insgesamt 148 Minuten. In den letzten zwei Partien fehlte Fern\u00e1ndez \u00fcberraschend im Aufgebot \u2013 vermutlich aufgrund seiner offenen Zukunft.<\/p>\n<p>\nPSG vor BVB: Dro Fern\u00e1ndez will FC Barcelona verlassen<\/p>\n<p>In den kommenden Tagen soll ein Treffen zwischen dem Spieler, seiner Familie und seinen Beratern stattfinden, um die verschiedenen Angebote zu pr\u00fcfen. Quellen aus Fern\u00e1ndez\u2019 Umfeld versicherten den spanischen Medien, dass sein zuk\u00fcnftiger Verein noch nicht feststehe. Neben mehreren englischen Vereinen wie <a title=\"Manchester City\" href=\"https:\/\/www.transfermarkt.de\/manchester-city\/startseite\/verein\/281\" target=\"_blank\" rel=\"noopener\">Manchester City<\/a> f\u00e4llt bei der \u201e<a href=\"https:\/\/www.marca.com\/futbol\/barcelona\/2026\/01\/16\/dro-quiere-irse-barca-pagando-clausula-rescision.html\" target=\"_blank\" rel=\"noopener\">Marca<\/a>\u201c auch konkret <a title=\"Borussia Dortmund\" href=\"https:\/\/www.transfermarkt.de\/borussia-dortmund\/startseite\/verein\/16\" target=\"_blank\" rel=\"noopener\">Borussia Dortmund<\/a> als Interessent. Der hei\u00dfeste Kandidat ist laut \u201e<a href=\"https:\/\/www.mundodeportivo.com\/futbol\/fc-barcelona\/20260116\/1002602835\/psg-gran-tapado-dro.html\" target=\"_blank\" rel=\"noopener\">Mundo Deportivo<\/a>\u201c jedoch <a title=\"FC Paris Saint-Germain\" href=\"https:\/\/www.transfermarkt.de\/fc-paris-saint-germain\/startseite\/verein\/583\" target=\"_blank\" rel=\"noopener\">Paris Saint-Germain<\/a>. \u201e<a href=\"https:\/\/www.lequipe.fr\/Football\/Actualites\/Transferts-dro-fernandez-barca-devrait-s-engager-avec-le-psg-jusqu-en-2030\/1634232\" target=\"_blank\" rel=\"noopener\">L\u2019\u00c9quipe<\/a>\u201c zufolge ist der franz\u00f6sischen Top-Klub ebenfalls in der Pole-Position, eine Einigung bis 2030 sei erfolgt.<\/p>\n<p>\n    <a class=\"bbcodesLink\" href=\"https:\/\/www.transfermarkt.de\/dro-fernandez-zu-borussia-dortmund-\/thread\/forum\/154\/thread_id\/1186079\" target=\"_blank\" rel=\"noopener\"><\/p>\n<tr>\n<p>                        Ger\u00fccht<\/p>\n<\/tr>\n<tr class=\"contentzeile\">\n<td class=\"spielerbild\" rowspan=\"2\">\n                        <img decoding=\"async\" src=\"https:\/\/www.europesays.com\/de\/wp-content\/uploads\/2026\/01\/1071596-1755508021.jpg\" title=\"Dro Fern\u00e1ndez\" alt=\"Dro Fern\u00e1ndez\" class=\"\"\/>                    <\/td>\n<td class=\"spielername\">\n                        <a title=\"Dro Fern\u00e1ndez\" href=\"https:\/\/www.transfermarkt.de\/dro-fernandez\/profil\/spieler\/1071596\" target=\"_blank\" rel=\"noopener\">D. Fern\u00e1ndez<\/a>                    <\/td>\n<td class=\"vereinswappen\" rowspan=\"2\">\n                        <img decoding=\"async\" src=\"https:\/\/www.europesays.com\/de\/wp-content\/uploads\/2025\/06\/131.png\" title=\"FC Barcelona\" alt=\"FC Barcelona\" class=\"\"\/>                    <\/td>\n<td class=\"c2action\" rowspan=\"2\"><\/td>\n<\/tr>\n<tr class=\"contentzeile\">\n<td class=\"position\">\n                        Offensives Mittelfeld                    <\/td>\n<\/tr>\n<tr class=\"contentZeileSpielerGK\">\n<td colspan=\"4\">\n<tr>\n<td class=\"vereinsname\">\n                                    Barcelona                                <\/td>\n<td class=\"vereinswappen\" rowspan=\"2\">\n                                    <img decoding=\"async\" src=\"https:\/\/www.europesays.com\/de\/wp-content\/uploads\/2025\/06\/131.png\" title=\"FC Barcelona\" alt=\"FC Barcelona\" class=\"\"\/>                                <\/td>\n<td class=\"wahrscheinlichkeit-auf\" rowspan=\"2\">\n<p>\u00a0<\/p>\n<p>                                        30                                        %\n                                                                        <\/td>\n<td class=\"vereinswappen\" rowspan=\"2\">\n                                    <img decoding=\"async\" src=\"https:\/\/www.europesays.com\/de\/wp-content\/uploads\/2025\/05\/16.png\" title=\"Borussia Dortmund\" alt=\"Borussia Dortmund\" class=\"\"\/>                                <\/td>\n<td class=\"vereinsname\">\n                                    Bor. Dortmund                                <\/td>\n<\/tr>\n<tr>\n<td>\n                                    LaLiga                                <\/td>\n<td>\n                                    Bundesliga                                <\/td>\n<\/tr>\n<\/td>\n<\/tr>\n<p>    <\/a>\n<\/p>\n<p>\u201eEin gro\u00dfartiger Spieler, der noch besser werden kann\u201c, lobte ein entz\u00fcckter Flick im Sommer. \u201eDro ist sehr talentiert. Im Training sieht man alles. Ich liebe es, das zu sehen.\u201c Ein Scout, der jedes Wochenende im Trainingszentrum Joan Gamper zu Gast ist, meinte gegen\u00fcber Transfermarkt: \u201eEr verf\u00fcgt \u00fcber viele F\u00e4higkeiten, ist stark im Eins-gegen-eins, im Dribbling und bei \u00dcbersteigern. Er ist ein gro\u00dfes Talent. Er muss noch an seiner Chancenverwertung und seiner Physis arbeiten, um all seine Qualit\u00e4ten zeigen zu k\u00f6nnen.\u201c Doch vor allem seine enge Ballf\u00fchrung und Technik, die aus seiner Vergangenheit als Futsal-Spieler herr\u00fchren, begeistern die Fans.<\/p>\n<p><\/p>\n","protected":false},"excerpt":{"rendered":"Teil des Talente-Kalenders 2025\u00a0 \u00a9IMAGO Noch an Weihnachten stellte Transfermarkt Dro Fern\u00e1ndez im Talente-Kalender als eine der gro\u00dfen&hellip;\n","protected":false},"author":2,"featured_media":725229,"comment_status":"","ping_status":"","sticky":false,"template":"","format":"standard","meta":{"footnotes":""},"categories":[5],"tags":[331,332,888,299,3364,29,166808,8834,40508,30,13,19172,4445,1409,14,15,957,12],"class_list":{"0":"post-725228","1":"post","2":"type-post","3":"status-publish","4":"format-standard","5":"has-post-thumbnail","7":"category-nachrichten","8":"tag-aktuelle-nachrichten","9":"tag-aktuelle-news","10":"tag-borussia-dortmund","11":"tag-bundesliga","12":"tag-de","13":"tag-deutschland","14":"tag-dro-fernandez","15":"tag-fc-barcelona","16":"tag-fc-paris-saint-germain","17":"tag-germany","18":"tag-headlines","19":"tag-laliga","20":"tag-ligue-1","21":"tag-manchester-city","22":"tag-nachrichten","23":"tag-news","24":"tag-premier-league","25":"tag-schlagzeilen"},"share_on_mastodon":{"url":"https:\/\/pubeurope.com\/@de\/115910164237786025","error":""},"_links":{"self":[{"href":"https:\/\/www.europesays.com\/de\/wp-json\/wp\/v2\/posts\/725228","targetHints":{"allow":["GET"]}}],"collection":[{"href":"https:\/\/www.europesays.com\/de\/wp-json\/wp\/v2\/posts"}],"about":[{"href":"https:\/\/www.europesays.com\/de\/wp-json\/wp\/v2\/types\/post"}],"author":[{"embeddable":true,"href":"https:\/\/www.europesays.com\/de\/wp-json\/wp\/v2\/users\/2"}],"replies":[{"embeddable":true,"href":"https:\/\/www.europesays.com\/de\/wp-json\/wp\/v2\/comments?post=725228"}],"version-history":[{"count":0,"href":"https:\/\/www.europesays.com\/de\/wp-json\/wp\/v2\/posts\/725228\/revisions"}],"wp:featuredmedia":[{"embeddable":true,"href":"https:\/\/www.europesays.com\/de\/wp-json\/wp\/v2\/media\/725229"}],"wp:attachment":[{"href":"https:\/\/www.europesays.com\/de\/wp-json\/wp\/v2\/media?parent=725228"}],"wp:term":[{"taxonomy":"category","embeddable":true,"href":"https:\/\/www.europesays.com\/de\/wp-json\/wp\/v2\/categories?post=725228"},{"taxonomy":"post_tag","embeddable":true,"href":"https:\/\/www.europesays.com\/de\/wp-json\/wp\/v2\/tags?post=725228"}],"curies":[{"name":"wp","href":"https:\/\/api.w.org\/{rel}","templated":true}]}}