{"id":725357,"date":"2026-01-17T12:30:12","date_gmt":"2026-01-17T12:30:12","guid":{"rendered":"https:\/\/www.europesays.com\/de\/725357\/"},"modified":"2026-01-17T12:30:12","modified_gmt":"2026-01-17T12:30:12","slug":"spieltagstipp-was-ist-drin-fuer-die-lilien-gegen-bochum","status":"publish","type":"post","link":"https:\/\/www.europesays.com\/de\/725357\/","title":{"rendered":"Spieltagstipp: Was ist drin f\u00fcr die Lilien gegen Bochum?"},"content":{"rendered":"<p><strong>Mit einem 4:1-Heimsieg \u00fcber den <a href=\"https:\/\/www.vfl-bochum.de\/\" target=\"_blank\" rel=\"noopener\">VfL Bochum<\/a> ist der SV Darmstadt 98 vor einem knappen halben Jahr in die Hinrunde gestartet. Nun steht der R\u00fcckrunden-Auftakt in Bochum an. Gelingt den Lilien erneut ein guter Start? Oder geht das Kohfeldt-Team diesmal leer aus?<\/strong><\/p>\n<p style=\"text-align: center;\"><strong>Was ist drin f\u00fcr die Lilien gegen Bochum?<\/strong><\/p>\n<ul class=\"wp-polls-ul\">\n<li> Ausw\u00e4rtssieg<\/li>\n<li> Ausw\u00e4rtsunentschieden<\/li>\n<li> Ausw\u00e4rtsniederlage<\/li>\n<li> Wei\u00df nicht<\/li>\n<\/ul>\n<p style=\"text-align: center;\"><a href=\"#ViewPollResults\" onclick=\"poll_result(444); return false;\" title=\"View Results Of This Poll\">View Results<\/a><\/p>\n<p><img loading=\"lazy\" data-recalc-dims=\"1\" decoding=\"async\" src=\"https:\/\/www.europesays.com\/de\/wp-content\/uploads\/2026\/01\/loading.gif\" width=\"16\" height=\"16\" alt=\"Wird geladen ...\" title=\"Wird geladen ...\" class=\"wp-polls-image\"\/>\u00a0Wird geladen &#8230;<\/p>\n<p>Die Umfrage l\u00e4uft bis Sonntag, 18. Januar, um 12.30 Uhr.<\/p>\n<p><a title=\"Unterst\u00fctzt den Lilienblog\" href=\"https:\/\/www.lilienblog.de\/unterstuetzt-den-lilienblog\/\" rel=\"noopener\" target=\"_blank\">Euch gef\u00e4llt der Lilienblog? Dann unterst\u00fctzt unsere Arbeit hier (-&gt;) und f\u00f6rdert so die Medienvielfalt in S\u00fcdhessen und rund um den SV Darmstadt 98.<\/a><\/p>\n<p class=\"isc_image_list_title\">Bildquellen<\/p>\n<ul class=\"isc_image_list\">\n<li>SVD-BOC-2025-26-lilienblog-0047b: Arthur Sch\u00f6nbein<\/li>\n<\/ul>\n<p>Tags:<a href=\"https:\/\/www.lilienblog.de\/tag\/2-liga\/\" rel=\"tag noopener\" target=\"_blank\">2. Liga<\/a><a href=\"https:\/\/www.lilienblog.de\/tag\/fussball\/\" rel=\"tag noopener\" target=\"_blank\">Fu\u00dfball<\/a><a href=\"https:\/\/www.lilienblog.de\/tag\/sv-darmstadt-98\/\" rel=\"tag noopener\" target=\"_blank\">SV Darmstadt 98<\/a><a href=\"https:\/\/www.lilienblog.de\/tag\/umfrage\/\" rel=\"tag noopener\" target=\"_blank\">Umfrage<\/a><a href=\"https:\/\/www.lilienblog.de\/tag\/vfl-bochum\/\" rel=\"tag noopener\" target=\"_blank\">VfL Bochum<\/a> <\/p>\n","protected":false},"excerpt":{"rendered":"Mit einem 4:1-Heimsieg \u00fcber den VfL Bochum ist der SV Darmstadt 98 vor einem knappen halben Jahr in&hellip;\n","protected":false},"author":2,"featured_media":725358,"comment_status":"","ping_status":"","sticky":false,"template":"","format":"standard","meta":{"footnotes":""},"categories":[1839],"tags":[13086,7507,3364,29,347,30,1209,8305,4649,8173],"class_list":{"0":"post-725357","1":"post","2":"type-post","3":"status-publish","4":"format-standard","5":"has-post-thumbnail","7":"category-bochum","8":"tag-2-liga","9":"tag-bochum","10":"tag-de","11":"tag-deutschland","12":"tag-fussball","13":"tag-germany","14":"tag-nordrhein-westfalen","15":"tag-sv-darmstadt-98","16":"tag-umfrage","17":"tag-vfl-bochum"},"share_on_mastodon":{"url":"https:\/\/pubeurope.com\/@de\/115910451420141988","error":""},"_links":{"self":[{"href":"https:\/\/www.europesays.com\/de\/wp-json\/wp\/v2\/posts\/725357","targetHints":{"allow":["GET"]}}],"collection":[{"href":"https:\/\/www.europesays.com\/de\/wp-json\/wp\/v2\/posts"}],"about":[{"href":"https:\/\/www.europesays.com\/de\/wp-json\/wp\/v2\/types\/post"}],"author":[{"embeddable":true,"href":"https:\/\/www.europesays.com\/de\/wp-json\/wp\/v2\/users\/2"}],"replies":[{"embeddable":true,"href":"https:\/\/www.europesays.com\/de\/wp-json\/wp\/v2\/comments?post=725357"}],"version-history":[{"count":0,"href":"https:\/\/www.europesays.com\/de\/wp-json\/wp\/v2\/posts\/725357\/revisions"}],"wp:featuredmedia":[{"embeddable":true,"href":"https:\/\/www.europesays.com\/de\/wp-json\/wp\/v2\/media\/725358"}],"wp:attachment":[{"href":"https:\/\/www.europesays.com\/de\/wp-json\/wp\/v2\/media?parent=725357"}],"wp:term":[{"taxonomy":"category","embeddable":true,"href":"https:\/\/www.europesays.com\/de\/wp-json\/wp\/v2\/categories?post=725357"},{"taxonomy":"post_tag","embeddable":true,"href":"https:\/\/www.europesays.com\/de\/wp-json\/wp\/v2\/tags?post=725357"}],"curies":[{"name":"wp","href":"https:\/\/api.w.org\/{rel}","templated":true}]}}