{"id":725390,"date":"2026-01-17T12:50:10","date_gmt":"2026-01-17T12:50:10","guid":{"rendered":"https:\/\/www.europesays.com\/de\/725390\/"},"modified":"2026-01-17T12:50:10","modified_gmt":"2026-01-17T12:50:10","slug":"oldtema-vom-rost-bis-zum-glanz","status":"publish","type":"post","link":"https:\/\/www.europesays.com\/de\/725390\/","title":{"rendered":"\u201eOldtema\u201c: \u201eVom Rost bis zum Glanz\u201c"},"content":{"rendered":"<p class=\"fp-paragraph\"><strong>Erfurt<\/strong> &#8211; Zum Start der Oldtimermesse \u201eOldtema\u201c in Erfurt haben sich die Veranstalter zufrieden gezeigt. \u201eHier herrscht Ausnahmezustand im positiven Sinne\u201c, sagte Veranstalter Thomas Szymkowiak. Bis Sonntagabend rechne er mit bis zu 18.000 Besuchern. \u201eVom Rost bis zum Glanz\u201c sei auf der Messe alles vertreten. Einige Ausstellungsautos seien Millionen wert, auf der Au\u00dfenfl\u00e4che b\u00f6ten aber auch Teileh\u00e4ndler alte Ersatzteile f\u00fcr Schrauber an.\u00a0<\/p>\n<p class=\"fp-paragraph\">Das spiegele sich auch an den Besuchern der rund 25.000 Quadratmeter Ausstellungsfl\u00e4che wider, sagte er. \u201eHier kommen die Schicken rein, aber auch die in Arbeitsklamotten und mit schmutzigen H\u00e4nden.\u201c\u00a0<\/p>\n<p class=\"fp-paragraph\">Die klassische Oldtimerszene sei noch sehr m\u00e4nnlich gepr\u00e4gt &#8211; Szymkowiak sch\u00e4tzt ein Verh\u00e4ltnis von 90 Prozent M\u00e4nnern zu 10 Prozent Frauen. Im Bereich der Youngtimer, also etwa Autos aus den 80ern oder 90ern, liege der Frauenanteil aber schon bei rund 40 Prozent. Auch die Schrauberszene f\u00fcr alte Simson-Mopeds sei in den Erfurter Messehallen pr\u00e4sent.<\/p>\n","protected":false},"excerpt":{"rendered":"Erfurt &#8211; Zum Start der Oldtimermesse \u201eOldtema\u201c in Erfurt haben sich die Veranstalter zufrieden gezeigt. \u201eHier herrscht Ausnahmezustand&hellip;\n","protected":false},"author":2,"featured_media":725391,"comment_status":"","ping_status":"","sticky":false,"template":"","format":"standard","meta":{"footnotes":""},"categories":[1835],"tags":[582,3364,29,2386,30,3800,496,859,861],"class_list":{"0":"post-725390","1":"post","2":"type-post","3":"status-publish","4":"format-standard","5":"has-post-thumbnail","7":"category-dresden","8":"tag-automobilindustrie","9":"tag-de","10":"tag-deutschland","11":"tag-dresden","12":"tag-germany","13":"tag-messen","14":"tag-oldtimer","15":"tag-sachsen","16":"tag-thueringen"},"share_on_mastodon":{"url":"https:\/\/pubeurope.com\/@de\/115910529723222667","error":""},"_links":{"self":[{"href":"https:\/\/www.europesays.com\/de\/wp-json\/wp\/v2\/posts\/725390","targetHints":{"allow":["GET"]}}],"collection":[{"href":"https:\/\/www.europesays.com\/de\/wp-json\/wp\/v2\/posts"}],"about":[{"href":"https:\/\/www.europesays.com\/de\/wp-json\/wp\/v2\/types\/post"}],"author":[{"embeddable":true,"href":"https:\/\/www.europesays.com\/de\/wp-json\/wp\/v2\/users\/2"}],"replies":[{"embeddable":true,"href":"https:\/\/www.europesays.com\/de\/wp-json\/wp\/v2\/comments?post=725390"}],"version-history":[{"count":0,"href":"https:\/\/www.europesays.com\/de\/wp-json\/wp\/v2\/posts\/725390\/revisions"}],"wp:featuredmedia":[{"embeddable":true,"href":"https:\/\/www.europesays.com\/de\/wp-json\/wp\/v2\/media\/725391"}],"wp:attachment":[{"href":"https:\/\/www.europesays.com\/de\/wp-json\/wp\/v2\/media?parent=725390"}],"wp:term":[{"taxonomy":"category","embeddable":true,"href":"https:\/\/www.europesays.com\/de\/wp-json\/wp\/v2\/categories?post=725390"},{"taxonomy":"post_tag","embeddable":true,"href":"https:\/\/www.europesays.com\/de\/wp-json\/wp\/v2\/tags?post=725390"}],"curies":[{"name":"wp","href":"https:\/\/api.w.org\/{rel}","templated":true}]}}