{"id":725471,"date":"2026-01-17T13:37:13","date_gmt":"2026-01-17T13:37:13","guid":{"rendered":"https:\/\/www.europesays.com\/de\/725471\/"},"modified":"2026-01-17T13:37:13","modified_gmt":"2026-01-17T13:37:13","slug":"sechs-feierabendmaerkte-und-zwei-weinabende-fuer-2026-geplant","status":"publish","type":"post","link":"https:\/\/www.europesays.com\/de\/725471\/","title":{"rendered":"Sechs Feierabendm\u00e4rkte und zwei Weinabende f\u00fcr 2026 geplant"},"content":{"rendered":"<p class=\"richtext text-em-55 !leading-serif mx-6 desktop:mx-0\">Nach dem Erfolg in 2025 wird es auch dieses Jahr sechs Feierabendm\u00e4rkte geben \u2013 vier in Kaarst und zwei in B\u00fcttgen. Dort startet die \u201eStreetfood-Saison\u201c auch am 21. April, der zweite Termin rund um das Rathaus ist am 14. Juli (jeweils dienstags). In der Kaarster City stehen die Food- und Getr\u00e4nkewagen erstmals am 26. Mai (Dienstag). Weitere Termine: 2. Juli (Donnerstag), 11. August und 22. September (jeweils dienstags).<\/p>\n<p class=\"richtext text-em-55 !leading-serif mx-6 desktop:mx-0\">Die B\u00fcrger in Vorst haben beim ersten Weinabend im vergangenen Herbst den Sankt-Eustachius-Platz regelrecht geflutet. \u201eDer Weinabend war gro\u00dfartig, es war alles ausverkauft, auch der Antonius-Grill hat mitverdient\u201c, erkl\u00e4rt Hemmer. Auf die Nachfrage reagiert die Wirtschaftsf\u00f6rderung in diesem Jahr und veranstaltet zwei Weinabende in der Vorster Ortsmitte: Am 17. April sowie am 9. Oktober. Beide Termine finden an einem Freitag statt. \u201eWir wollen es mal versuchen, wenn die Nachfrage nicht so hoch ist, reduzieren wir das Angebot wieder auf einen Weinabend\u201c, so Hemmer. Zudem soll versucht werden, die lokalen Gesch\u00e4fte in Vorst mehr mir einzubeziehen \u2013 und das Essensangebot auf dem Eustachius-Platz zu erweitern. Veranstaltet werden die Feierabendm\u00e4rkte in Kaarst und B\u00fcttgen von Marc Pesch und Dustin Thissen, die einen Pool von rund 50 Foodtrucks zur Verf\u00fcgung haben und versuchen, den B\u00fcrgern immer etwas Neues zu bieten.<\/p>\n<p class=\"richtext text-em-55 !leading-serif mx-6 desktop:mx-0\">Allerdings, so erkl\u00e4rt Felix Hemmer, werde es immer schwieriger, Sponsoren f\u00fcr die Veranstaltungen zu finden. Perspektivisch m\u00fcsse \u00fcberlegt werden, das Angebot runterzuschrauben, auch wenn \u201edie B\u00fcrger das Angebot annehmen und froh sind, wenn die Stra\u00dfen belebt sind\u201c, so der Wirtschaftsf\u00f6rderer. F\u00fcr einen Standort wie Kaarst sei die Anzahl der Veranstaltungen zwar gut, allerdings m\u00fcsse auch \u00fcberlegt werden, \u201eob wir die Menschen damit nicht \u00fcberfordern\u201c, so Hemmer. \u00dcber die Bereitschaft an Sponsoring in Kaarst ist er jedenfalls froh: \u201eWenn man eine Idee hat, findet man immer jemanden, der unterst\u00fctzt\u201c, so Hemmer.<\/p>\n","protected":false},"excerpt":{"rendered":"Nach dem Erfolg in 2025 wird es auch dieses Jahr sechs Feierabendm\u00e4rkte geben \u2013 vier in Kaarst und&hellip;\n","protected":false},"author":2,"featured_media":725472,"comment_status":"","ping_status":"","sticky":false,"template":"","format":"standard","meta":{"footnotes":""},"categories":[1849],"tags":[166828,5114,12612,50735,3364,29,26097,548,663,3934,21138,26923,30,13,123973,16930,32607,4455,14,15,1209,12,3699],"class_list":{"0":"post-725471","1":"post","2":"type-post","3":"status-publish","4":"format-standard","5":"has-post-thumbnail","7":"category-moenchengladbach","8":"tag-20b","9":"tag-angebot","10":"tag-buerger","11":"tag-buettgen","12":"tag-de","13":"tag-deutschland","14":"tag-essensangebot","15":"tag-eu","16":"tag-europa","17":"tag-europe","18":"tag-feierabendmarkt","19":"tag-feierabendmaerkte","20":"tag-germany","21":"tag-headlines","22":"tag-hemmer","23":"tag-kaarst","24":"tag-kaarster","25":"tag-moenchengladbach","26":"tag-nachrichten","27":"tag-news","28":"tag-nordrhein-westfalen","29":"tag-schlagzeilen","30":"tag-veranstaltung"},"share_on_mastodon":{"url":"https:\/\/pubeurope.com\/@de\/115910714856144670","error":""},"_links":{"self":[{"href":"https:\/\/www.europesays.com\/de\/wp-json\/wp\/v2\/posts\/725471","targetHints":{"allow":["GET"]}}],"collection":[{"href":"https:\/\/www.europesays.com\/de\/wp-json\/wp\/v2\/posts"}],"about":[{"href":"https:\/\/www.europesays.com\/de\/wp-json\/wp\/v2\/types\/post"}],"author":[{"embeddable":true,"href":"https:\/\/www.europesays.com\/de\/wp-json\/wp\/v2\/users\/2"}],"replies":[{"embeddable":true,"href":"https:\/\/www.europesays.com\/de\/wp-json\/wp\/v2\/comments?post=725471"}],"version-history":[{"count":0,"href":"https:\/\/www.europesays.com\/de\/wp-json\/wp\/v2\/posts\/725471\/revisions"}],"wp:featuredmedia":[{"embeddable":true,"href":"https:\/\/www.europesays.com\/de\/wp-json\/wp\/v2\/media\/725472"}],"wp:attachment":[{"href":"https:\/\/www.europesays.com\/de\/wp-json\/wp\/v2\/media?parent=725471"}],"wp:term":[{"taxonomy":"category","embeddable":true,"href":"https:\/\/www.europesays.com\/de\/wp-json\/wp\/v2\/categories?post=725471"},{"taxonomy":"post_tag","embeddable":true,"href":"https:\/\/www.europesays.com\/de\/wp-json\/wp\/v2\/tags?post=725471"}],"curies":[{"name":"wp","href":"https:\/\/api.w.org\/{rel}","templated":true}]}}