{"id":725502,"date":"2026-01-17T13:54:11","date_gmt":"2026-01-17T13:54:11","guid":{"rendered":"https:\/\/www.europesays.com\/de\/725502\/"},"modified":"2026-01-17T13:54:11","modified_gmt":"2026-01-17T13:54:11","slug":"erstes-nrw-wirtschaftsforum-ukraine-findet-statt","status":"publish","type":"post","link":"https:\/\/www.europesays.com\/de\/725502\/","title":{"rendered":"Erstes NRW-Wirtschaftsforum Ukraine findet statt"},"content":{"rendered":"<p class=\"text_ohne_einzug richtext text-em-55 !leading-serif mx-6 desktop:mx-0\"> Rund um das Thema <a href=\"https:\/\/rp-online.de\/thema\/ukraine\/\" target=\"_blank\" rel=\"noopener\">Ukraine<\/a> und deren wirtschaftliche Situation geht es bei einer Veranstaltung der Industrie- und Handelskammer (IHK) Mittlerer <a href=\"https:\/\/rp-online.de\/thema\/niederrhein\/\" target=\"_blank\" rel=\"noopener\">Niederrhein<\/a>. Zum ersten NRW-Wirtschaftsforum Ukraine sind Unternehmen, die sich f\u00fcr wirtschaftliche Aktivit\u00e4ten in der Ukraine interessieren oder sich bereits in der Region engagieren eingeladen, hei\u00dft es in der Mitteilung.<\/p>\n<p class=\"richtext text-em-55 !leading-serif mx-6 desktop:mx-0\">Die Veranstaltung findet am Dienstag, 27. Januar, von 9.30 bis 14 Uhr im Zeughaus in <a href=\"https:\/\/rp-online.de\/thema\/neuss\/\" target=\"_blank\" rel=\"noopener\">Neuss<\/a> statt. Dort gibt es auch prominente G\u00e4ste: Den Er\u00f6ffnungstalk halten <a href=\"https:\/\/rp-online.de\/thema\/mona-neubaur\/\" target=\"_blank\" rel=\"noopener\">Mona Neubaur<\/a>, Ministerin f\u00fcr Wirtschaft, Industrie, Klimaschutz und Energie des Landes NRW, Oleksij Makejew, Botschafter der Ukraine in Deutschland, und Oliver Gierlichs, Pr\u00e4sident der Deutsch-Ukrainischen Industrie- und Handelskammer (AHK Ukraine) und CEO des Konzerns Bayer in der Ukraine.<\/p>\n<p class=\"richtext text-em-55 !leading-serif mx-6 desktop:mx-0\">Ein weiteres Thema der Veranstaltung lautet \u201eGesch\u00e4ftspraxis Ukraine: Realit\u00e4t, Rahmenbedingungen, Perspektiven\u201c. Au\u00dferdem erfahren die Besucher Informationen \u00fcber die Finanzierung und F\u00f6rderung von Ukraine-Gesch\u00e4ften. Unter dem Titel \u201eStrategische Branchen im Fokus der Zusammenarbeit\u201c berichten schlie\u00dflich Unternehmensvertreter \u2013 wie zum Beispiel Joerg Heilingbrunner von der Scheidt und Bachmann GmbH in M\u00f6nchengladbach \u2013 \u00fcber Chancen und Herausforderungen im Au\u00dfenhandel.<\/p>\n","protected":false},"excerpt":{"rendered":"Rund um das Thema Ukraine und deren wirtschaftliche Situation geht es bei einer Veranstaltung der Industrie- und Handelskammer&hellip;\n","protected":false},"author":2,"featured_media":725503,"comment_status":"","ping_status":"","sticky":false,"template":"","format":"standard","meta":{"footnotes":""},"categories":[4012],"tags":[331,332,13,5665,14,10430,15,12,317,3699,67564],"class_list":{"0":"post-725502","1":"post","2":"type-post","3":"status-publish","4":"format-standard","5":"has-post-thumbnail","7":"category-ukraine","8":"tag-aktuelle-nachrichten","9":"tag-aktuelle-news","10":"tag-headlines","11":"tag-ihk","12":"tag-nachrichten","13":"tag-neuss","14":"tag-news","15":"tag-schlagzeilen","16":"tag-ukraine","17":"tag-veranstaltung","18":"tag-wirtschaftliche"},"share_on_mastodon":{"url":"https:\/\/pubeurope.com\/@de\/115910781491003047","error":""},"_links":{"self":[{"href":"https:\/\/www.europesays.com\/de\/wp-json\/wp\/v2\/posts\/725502","targetHints":{"allow":["GET"]}}],"collection":[{"href":"https:\/\/www.europesays.com\/de\/wp-json\/wp\/v2\/posts"}],"about":[{"href":"https:\/\/www.europesays.com\/de\/wp-json\/wp\/v2\/types\/post"}],"author":[{"embeddable":true,"href":"https:\/\/www.europesays.com\/de\/wp-json\/wp\/v2\/users\/2"}],"replies":[{"embeddable":true,"href":"https:\/\/www.europesays.com\/de\/wp-json\/wp\/v2\/comments?post=725502"}],"version-history":[{"count":0,"href":"https:\/\/www.europesays.com\/de\/wp-json\/wp\/v2\/posts\/725502\/revisions"}],"wp:featuredmedia":[{"embeddable":true,"href":"https:\/\/www.europesays.com\/de\/wp-json\/wp\/v2\/media\/725503"}],"wp:attachment":[{"href":"https:\/\/www.europesays.com\/de\/wp-json\/wp\/v2\/media?parent=725502"}],"wp:term":[{"taxonomy":"category","embeddable":true,"href":"https:\/\/www.europesays.com\/de\/wp-json\/wp\/v2\/categories?post=725502"},{"taxonomy":"post_tag","embeddable":true,"href":"https:\/\/www.europesays.com\/de\/wp-json\/wp\/v2\/tags?post=725502"}],"curies":[{"name":"wp","href":"https:\/\/api.w.org\/{rel}","templated":true}]}}