{"id":725534,"date":"2026-01-17T14:13:11","date_gmt":"2026-01-17T14:13:11","guid":{"rendered":"https:\/\/www.europesays.com\/de\/725534\/"},"modified":"2026-01-17T14:13:11","modified_gmt":"2026-01-17T14:13:11","slug":"2-bundesliga-dynamo-dresden-gibt-die-rote-laterne-an-greuther-fuerth-ab","status":"publish","type":"post","link":"https:\/\/www.europesays.com\/de\/725534\/","title":{"rendered":"2. Bundesliga: Dynamo Dresden gibt die Rote Laterne an Greuther F\u00fcrth ab"},"content":{"rendered":"<p>Dynamo f\u00fchrt zur Pause &#8211; Keller erl\u00f6st die Gastgeber<\/p>\n<p class=\"text\">\nNachdem am Freitagabend der 1. FC Magdeburg und Fortuna D\u00fcsseldorf ihre Spiele gewonnen hatten, waren beide Teams geh\u00f6rig unter Druck. Dynamo-Coach Thomas Stamm brachte mit Jonas Sterner, Thomas Keller, Robert Wagner und Jason Ceka gleich vier Neuzug\u00e4nge in die Startelf. Die Partie begann dann aber eher z\u00e4h. F\u00fcrth startete etwas offensiver und hatte die erste Chance. Noel Futkeu verfehlte per Kopf in der siebten Minute nur knapp das Dresdner Tor.<\/p>\n<p>Die Gastgeber brauchten ein wenig, verlagerten dann nach einer Viertelstunde das Spiel mehr und mehr in die H\u00e4lfte der F\u00fcrther. Keller hatte in der 25. Minute die erste dicke Chance auf dem Fu\u00df. Nach einem weiten Freisto\u00df von Sterner schoss der Abwehrchef den Ball aber aus neun Metern an den R\u00fccken eines G\u00e4stespielers. Kurze Zeit sp\u00e4ter jubelten die 30.000 Fans bereits, doch Vincent Vermeij stand vor seinem Treffer bei einem Pass doch deutlich im Abseits. Dynamo aber bleib am Dr\u00fccker und belohnte sich in der 35. Minute. Nach einer Ecke von der rechten Seite schraubte sich Keller hoch und traf per Kopf aus vier Metern.\n<\/p>\n<p>Lemmer sorgt f\u00fcr Gl\u00fccksgef\u00fchle<\/p>\n<p class=\"text\">\nWie wird F\u00fcrth nach dem Wechsel reagieren? Sie versuchten, Druck aufzubauen, doch Dynamo schlug schnell erneut zu. Julian Pauli eroberte im Mittelfeld den Ball, legte auf Jakob Lemmer ab, der flach und unhaltbar aus 22 Metern ins linke Eck zum 2:0 vollendete. Und auch in den folgenden Minuten roch es eher nach einem dritten Dresdner Treffer, die weiterhin gekonnt das Geschehen vom eigenen Strafraum fernhielten. Als die G\u00e4ste in der Schlussphase mehr investierten, ergaben sich f\u00fcr Dynamo einige sehr gute Chancen. Doch Luca Herrmann und Christoph Daferner verzogen in aussichtsreicher Position. Eine Schrecksekunde gab es dann in der 86. Minute, als der eingewechselte Omar Sillah den Ball an den Pfosten knallte. Viel mehr lie\u00df Dresden nicht zu, verteidigte den Sieg souver\u00e4n ins Ziel.\n<\/p>\n<p>Jetzt wartet Magdeburg<\/p>\n","protected":false},"excerpt":{"rendered":"Dynamo f\u00fchrt zur Pause &#8211; Keller erl\u00f6st die Gastgeber Nachdem am Freitagabend der 1. FC Magdeburg und Fortuna&hellip;\n","protected":false},"author":2,"featured_media":725535,"comment_status":"","ping_status":"","sticky":false,"template":"","format":"standard","meta":{"footnotes":"","_share_on_mastodon":"0"},"categories":[1835],"tags":[621,3364,29,2386,5406,3766,30,45898,148952,131433,81,859,5405,3499,3498,71557,8720],"class_list":["post-725534","post","type-post","status-publish","format-standard","has-post-thumbnail","category-dresden","tag-2-bundesliga","tag-de","tag-deutschland","tag-dresden","tag-dynamo","tag-dynamo-dresden","tag-germany","tag-greuther-fuerth","tag-heiko-vogel","tag-kleeblatt","tag-mdr","tag-sachsen","tag-sgd","tag-spio","tag-sport-im-osten","tag-spvgg","tag-thomas-stamm"],"share_on_mastodon":{"url":"https:\/\/pubeurope.com\/@de\/115910856182024407","error":""},"_links":{"self":[{"href":"https:\/\/www.europesays.com\/de\/wp-json\/wp\/v2\/posts\/725534","targetHints":{"allow":["GET"]}}],"collection":[{"href":"https:\/\/www.europesays.com\/de\/wp-json\/wp\/v2\/posts"}],"about":[{"href":"https:\/\/www.europesays.com\/de\/wp-json\/wp\/v2\/types\/post"}],"author":[{"embeddable":true,"href":"https:\/\/www.europesays.com\/de\/wp-json\/wp\/v2\/users\/2"}],"replies":[{"embeddable":true,"href":"https:\/\/www.europesays.com\/de\/wp-json\/wp\/v2\/comments?post=725534"}],"version-history":[{"count":0,"href":"https:\/\/www.europesays.com\/de\/wp-json\/wp\/v2\/posts\/725534\/revisions"}],"wp:featuredmedia":[{"embeddable":true,"href":"https:\/\/www.europesays.com\/de\/wp-json\/wp\/v2\/media\/725535"}],"wp:attachment":[{"href":"https:\/\/www.europesays.com\/de\/wp-json\/wp\/v2\/media?parent=725534"}],"wp:term":[{"taxonomy":"category","embeddable":true,"href":"https:\/\/www.europesays.com\/de\/wp-json\/wp\/v2\/categories?post=725534"},{"taxonomy":"post_tag","embeddable":true,"href":"https:\/\/www.europesays.com\/de\/wp-json\/wp\/v2\/tags?post=725534"}],"curies":[{"name":"wp","href":"https:\/\/api.w.org\/{rel}","templated":true}]}}