{"id":725603,"date":"2026-01-17T14:53:13","date_gmt":"2026-01-17T14:53:13","guid":{"rendered":"https:\/\/www.europesays.com\/de\/725603\/"},"modified":"2026-01-17T14:53:13","modified_gmt":"2026-01-17T14:53:13","slug":"komitee-in-oslo-wettert-gegen-donald-trump","status":"publish","type":"post","link":"https:\/\/www.europesays.com\/de\/725603\/","title":{"rendered":"Komitee in Oslo wettert gegen Donald Trump"},"content":{"rendered":"<p>Debatte \u00fcber Friedensnobelpreis <\/p>\n<p>Nobelpreiskomitee in Oslo stichelt gegen Trump<\/p>\n<p>17.01.2026 &#8211; 13:20 UhrLesedauer: 1 Min.<\/p>\n<p><a href=\"#focus-0\" class=\"transition-colors duration-200 block text-current relative\" data-sctrack=\"FocusGalleryImage.Reference\"><img fetchpriority=\"high\" data-testid=\"Opener.Image\" style=\"--lqipURL:url('https:\/\/images.t-online.de\/2026\/01\/bxswCorOipjY\/0x1550:2286x1286\/fit-in\/150x0\/filters:blur(25)\/venezuelan-opposition-leader-maria-corina-machado-presented-donald-trump-with-her-nobel-peace-prize-medal-in-washington-on-january-15-2026-a-medal-can-change-hands-but-not-the-title-of-a-laureate-the-nobel-peace-center-stated-at-the-same-time-donald-trump-hailed-it-as-a-magnificent-gesture-venezuelan-opposition-leader-maria-corina-machado-presented-donald-trump-with-her-nobel-peace-prize-medal-in-washington-on-january-15-2026-a-medal-can-change-hands-but-not-the-title-of-a-laureate-the-nobel-peace-ce.jpg')\"   loading=\"eager\" src=\"https:\/\/www.europesays.com\/de\/wp-content\/uploads\/2026\/01\/venezuelan-opposition-leader-maria-corina-machado-presented-donald-trump-with-her-nobel-peace-prize-.jpeg\" alt=\"imago images 0845668069\" title=\"imago images 0845668069\" width=\"2286\" height=\"1286\" class=\"bg-[url:var(--lqipURL)] bg-cover bg-center flex h-full w-full max-w-full\" decoding=\"async\"\/><img style=\"--width:32;--height:32\" loading=\"lazy\" src=\"https:\/\/www.t-online.de\/s\/paper\/_next\/static\/media\/zoom-in.f7dae02f.svg\" alt=\"Vergr\u00f6\u00dfern des Bildes\" title=\"Vergr\u00f6\u00dfern des Bildes\" class=\"block h-[calc(var(--height)_\/_16_*_1rem)] w-[calc(var(--width)_\/_16_*_1rem)] max-w-none absolute bottom-8 right-8 rounded-4 bg-snow p-8\" decoding=\"async\"\/><\/a><\/p>\n<p>Donald Trump und Friedensnobelpreistr\u00e4gerin Mar\u00eda Corina Machado mit der Urkunde im Wei\u00dfen Haus. (Archivbild) (Quelle: IMAGO\/President Donald J. trump\/X via Bestimage\/imago)<\/p>\n<p class=\"font-bold text-18 leading-17\">Die Debatte um die Weitergabe des Friedensnobelpreises an Trump dauert an. Oslo ver\u00f6ffentlicht eine Liste mit \u00e4hnlichen F\u00e4llen. Auch eine NS-Gr\u00f6\u00dfe taucht dort auf.<\/p>\n<p class=\"text-18 leading-17\">Kaum hat Venezuelas Oppositionsf\u00fchrerin Mar\u00eda Corina Machado US-Pr\u00e4sident <a class=\"transition-colors duration-200 cursor-pointer text-inherit no-underline text-salemsfur md:hover:text-magenta md:hover:border-magenta md:focus:text-magenta border-current border-b border-solid break-words\" href=\"https:\/\/www.t-online.de\/themen\/donald-trump\/\" data-sctrack=\"BodyAnchor\" target=\"_blank\" rel=\"noopener\">Donald Trump<\/a> ihre Nobelpreis-Medaille \u00fcbergeben, meldet sich das Nobelinstitut in Oslo erneut mit einer Klarstellung zu Wort. &#8222;Der Nobelpreis und der Preistr\u00e4ger sind untrennbar miteinander verbunden&#8220;, hei\u00dft es in einer Mitteilung auf der Webseite des Instituts.<\/p>\n<p class=\"text-18 leading-17\">Ohne auf Machado n\u00e4her einzugehen, behandelt das Nobelpreiskomitee \u00e4hnliche F\u00e4lle.<\/p>\n<p class=\"text-18 leading-17\">Ausf\u00fchrlich werden dabei Preistr\u00e4ger aufgef\u00fchrt, deren Ehrungen nicht mehr in H\u00e4nden der Preistr\u00e4ger oder ihrer Familie sind. Darunter findet sich etwa der russische Journalist und Friedensnobelpreistr\u00e4ger (2021) Dmitri Muratow, der seine Medaille verkaufte und den Erl\u00f6s f\u00fcr ukrainische Fl\u00fcchtlingskinder spendete. Aber auch der ehemalige UN-Generalsekret\u00e4r Kofi Annan (2001). Dessen Witwe hatte Urkunde und Medaille nach Annans Tod an die <a class=\"transition-colors duration-200 cursor-pointer text-inherit no-underline text-salemsfur md:hover:text-magenta md:hover:border-magenta md:focus:text-magenta border-current border-b border-solid break-words\" href=\"https:\/\/www.t-online.de\/themen\/un\/\" data-sctrack=\"BodyAnchor\" target=\"_blank\" rel=\"noopener\">UN<\/a> weitergereicht.<\/p>\n<p class=\"text-18 leading-17\">In der Liste des Nobelpreiskomitees taucht aber auch der norwegische Literaturnobelpreistr\u00e4ger Knut Hamsun (1920) auf. Er hatte seine Medaille 1943 dem Nazi-Propagandaminister Joseph Goebbels zugeschickt. Eine wenig schmeichelhafte Galerie f\u00fcr Donald Trump.<\/p>\n<p class=\"text-18 leading-17\">&#8222;Unabh\u00e4ngig davon, was mit der Medaille, der Urkunde oder dem Preisgeld geschieht, ist und bleibt der urspr\u00fcngliche Preistr\u00e4ger derjenige, der als Empf\u00e4nger des Preises in die Geschichte eingeht&#8220; betonte das Institut in seiner Stellungnahme.<\/p>\n","protected":false},"excerpt":{"rendered":"Debatte \u00fcber Friedensnobelpreis Nobelpreiskomitee in Oslo stichelt gegen Trump 17.01.2026 &#8211; 13:20 UhrLesedauer: 1 Min. Donald Trump und&hellip;\n","protected":false},"author":2,"featured_media":725604,"comment_status":"","ping_status":"","sticky":false,"template":"","format":"standard","meta":{"footnotes":""},"categories":[3],"tags":[326,106,72170,13,105747,14,15,57443,166841,13341,12,10,8,9,11,26,122517,1700,320,105246,103,104],"class_list":{"0":"post-725603","1":"post","2":"type-post","3":"status-publish","4":"format-standard","5":"has-post-thumbnail","7":"category-welt","8":"tag-326","9":"tag-donald-trump","10":"tag-friedensnobelpreis","11":"tag-headlines","12":"tag-maria-corina-machado","13":"tag-nachrichten","14":"tag-news","15":"tag-nobelpreis","16":"tag-nobelpreiskomitee","17":"tag-oslo","18":"tag-schlagzeilen","19":"tag-top-news","20":"tag-top-meldungen","21":"tag-topmeldungen","22":"tag-topnews","23":"tag-un","24":"tag-urkunde","25":"tag-venezuela","26":"tag-washington","27":"tag-weitergabe","28":"tag-welt","29":"tag-world"},"share_on_mastodon":{"url":"https:\/\/pubeurope.com\/@de\/115911013533274179","error":""},"_links":{"self":[{"href":"https:\/\/www.europesays.com\/de\/wp-json\/wp\/v2\/posts\/725603","targetHints":{"allow":["GET"]}}],"collection":[{"href":"https:\/\/www.europesays.com\/de\/wp-json\/wp\/v2\/posts"}],"about":[{"href":"https:\/\/www.europesays.com\/de\/wp-json\/wp\/v2\/types\/post"}],"author":[{"embeddable":true,"href":"https:\/\/www.europesays.com\/de\/wp-json\/wp\/v2\/users\/2"}],"replies":[{"embeddable":true,"href":"https:\/\/www.europesays.com\/de\/wp-json\/wp\/v2\/comments?post=725603"}],"version-history":[{"count":0,"href":"https:\/\/www.europesays.com\/de\/wp-json\/wp\/v2\/posts\/725603\/revisions"}],"wp:featuredmedia":[{"embeddable":true,"href":"https:\/\/www.europesays.com\/de\/wp-json\/wp\/v2\/media\/725604"}],"wp:attachment":[{"href":"https:\/\/www.europesays.com\/de\/wp-json\/wp\/v2\/media?parent=725603"}],"wp:term":[{"taxonomy":"category","embeddable":true,"href":"https:\/\/www.europesays.com\/de\/wp-json\/wp\/v2\/categories?post=725603"},{"taxonomy":"post_tag","embeddable":true,"href":"https:\/\/www.europesays.com\/de\/wp-json\/wp\/v2\/tags?post=725603"}],"curies":[{"name":"wp","href":"https:\/\/api.w.org\/{rel}","templated":true}]}}