{"id":725750,"date":"2026-01-17T16:17:13","date_gmt":"2026-01-17T16:17:13","guid":{"rendered":"https:\/\/www.europesays.com\/de\/725750\/"},"modified":"2026-01-17T16:17:13","modified_gmt":"2026-01-17T16:17:13","slug":"kanzler-merz-laesst-bericht-ueber-geplanten-personalumbau-dementieren","status":"publish","type":"post","link":"https:\/\/www.europesays.com\/de\/725750\/","title":{"rendered":"Kanzler Merz l\u00e4sst Bericht \u00fcber geplanten Personalumbau dementieren"},"content":{"rendered":"<p>            <img loading=\"lazy\" decoding=\"async\" class=\"ts-image\" src=\"https:\/\/www.europesays.com\/de\/wp-content\/uploads\/2026\/01\/merz-spahn-102.jpg\" alt=\"Friedrich Merz und Jens Spahn (Archivbild)\" title=\"Friedrich Merz und Jens Spahn (Archivbild) | REUTERS\"\/><\/p>\n<p class=\"metatextline\">Stand: 17.01.2026 16:08 Uhr<\/p>\n<p class=\"article-head__shorttext\">\n        <strong>Laut einem Medienbericht will Merz sein Kabinett umstellen. Im Zentrum der \u00dcberlegungen stehe Fraktionschef Spahn. Doch die Regierung dementiert: &#8222;Der Bundeskanzler erw\u00e4gt keine Personalrochade&#8220;. <\/strong>\n    <\/p>\n<p class=\"textabsatz m-ten m-offset-one l-eight l-offset-two columns twelve\">Die Bundesregierung hat einem Pressebericht \u00fcber einen m\u00f6glicherweise bevorstehenden Personalumbau im Kabinett widersprochen. &#8222;Der Bundeskanzler erw\u00e4gt keine Personalrochade&#8220;, erkl\u00e4rte eine Regierungssprecherin. Eine Kabinettsumbildung sei nicht geplant.<\/p>\n<p class=\"textabsatz m-ten m-offset-one l-eight l-offset-two columns twelve\"><a href=\"https:\/\/www.spiegel.de\/politik\/deutschland\/friedrich-merz-vs-jens-spahn-immer-aerger-mit-dem-personal-a-3012cdde-77b1-45bb-9f22-0e96f69c91fb\" title=\"Immer \u00c4rger mit dem Personal\" class=\"textlink--extern js-link-dialog\" rel=\"noopener noreferrer\" target=\"_blank\" data-type=\"external\">Der Spiegel hatte berichtet<\/a>, Bundeskanzler Friedrich Merz (CDU) erw\u00e4ge eine gr\u00f6\u00dfere Personalumstellung im Kabinett und an der Spitze der Unionsfraktion. Im Zentrum der \u00dcberlegungen stehe Unionsfraktionschef Jens Spahn. Das Vertrauensverh\u00e4ltnis zwischen ihm und Merz sei schon lange gest\u00f6rt, berichtet das Magazin unter Berufung auf die &#8222;Umgebung des Kanzlers&#8220;.<\/p>\n<p>    Personalumbau nach Landtagswahlen?<\/p>\n<p class=\"textabsatz m-ten m-offset-one l-eight l-offset-two columns twelve\">Es gebe &#8222;die M\u00f6glichkeit, Spahn zum Minister zu machen und ihn damit in die Kabinettsdisziplin zu zwingen&#8220;, so der Bericht.<\/p>\n<p class=\"textabsatz m-ten m-offset-one l-eight l-offset-two columns twelve\">Merz wolle zun\u00e4chst den Ausgang der Landtagswahlen in Baden-W\u00fcrttemberg (8. M\u00e4rz) und Rheinland-Pfalz (22. M\u00e4rz) abwarten. Komme es da nicht zu einem Stimmungsumschwung zugunsten der CDU, k\u00f6nnte es im Mai zu der Personalrochade kommen.<\/p>\n<p>    Erste Rochade zu Beginn des Jahres<\/p>\n<p class=\"textabsatz m-ten m-offset-one l-eight l-offset-two columns twelve\">Merz hatte bereits zu Beginn des Jahres einen neuen B\u00fcroleiter im Kanzleramt pr\u00e4sentiert: Der bisherige CDU-Bundesgesch\u00e4ftsf\u00fchrer Philipp Birkenmaier l\u00f6ste \u00fcberraschend Jacob Schrot ab. Birkenmaiers Nachfolger wurde der bisherige Abteilungsleiter im Bereich Politik und Programm im Konrad-Adenauer-Haus, Marco Melle.<\/p>\n<p class=\"textabsatz m-ten m-offset-one l-eight l-offset-two columns twelve\">Es war die erste wesentliche personelle Ver\u00e4nderung im Umfeld des Kanzlers seit seiner Vereidigung im vergangenen Mai. Sie wurde auch als Reaktion auf einen Unmut innerhalb der CDU und der CSU \u00fcber die bisherige Regierungspolitik gesehen.<\/p>\n<p class=\"textabsatz m-ten m-offset-one l-eight l-offset-two columns twelve\">Mit Informationen von Jim-Bob Nickschas, Hauptstadtstudio Berlin<\/p>\n","protected":false},"excerpt":{"rendered":"Stand: 17.01.2026 16:08 Uhr Laut einem Medienbericht will Merz sein Kabinett umstellen. Im Zentrum der \u00dcberlegungen stehe Fraktionschef&hellip;\n","protected":false},"author":2,"featured_media":725751,"comment_status":"","ping_status":"","sticky":false,"template":"","format":"standard","meta":{"footnotes":""},"categories":[2],"tags":[1173,31,29,30,13,182,14,15,12,10,8,9,11],"class_list":{"0":"post-725750","1":"post","2":"type-post","3":"status-publish","4":"format-standard","5":"has-post-thumbnail","7":"category-deutschland","8":"tag-bundesregierung","9":"tag-cdu","10":"tag-deutschland","11":"tag-germany","12":"tag-headlines","13":"tag-merz","14":"tag-nachrichten","15":"tag-news","16":"tag-schlagzeilen","17":"tag-top-news","18":"tag-top-meldungen","19":"tag-topmeldungen","20":"tag-topnews"},"share_on_mastodon":{"url":"https:\/\/pubeurope.com\/@de\/115911343770202781","error":""},"_links":{"self":[{"href":"https:\/\/www.europesays.com\/de\/wp-json\/wp\/v2\/posts\/725750","targetHints":{"allow":["GET"]}}],"collection":[{"href":"https:\/\/www.europesays.com\/de\/wp-json\/wp\/v2\/posts"}],"about":[{"href":"https:\/\/www.europesays.com\/de\/wp-json\/wp\/v2\/types\/post"}],"author":[{"embeddable":true,"href":"https:\/\/www.europesays.com\/de\/wp-json\/wp\/v2\/users\/2"}],"replies":[{"embeddable":true,"href":"https:\/\/www.europesays.com\/de\/wp-json\/wp\/v2\/comments?post=725750"}],"version-history":[{"count":0,"href":"https:\/\/www.europesays.com\/de\/wp-json\/wp\/v2\/posts\/725750\/revisions"}],"wp:featuredmedia":[{"embeddable":true,"href":"https:\/\/www.europesays.com\/de\/wp-json\/wp\/v2\/media\/725751"}],"wp:attachment":[{"href":"https:\/\/www.europesays.com\/de\/wp-json\/wp\/v2\/media?parent=725750"}],"wp:term":[{"taxonomy":"category","embeddable":true,"href":"https:\/\/www.europesays.com\/de\/wp-json\/wp\/v2\/categories?post=725750"},{"taxonomy":"post_tag","embeddable":true,"href":"https:\/\/www.europesays.com\/de\/wp-json\/wp\/v2\/tags?post=725750"}],"curies":[{"name":"wp","href":"https:\/\/api.w.org\/{rel}","templated":true}]}}