{"id":725907,"date":"2026-01-17T17:47:13","date_gmt":"2026-01-17T17:47:13","guid":{"rendered":"https:\/\/www.europesays.com\/de\/725907\/"},"modified":"2026-01-17T17:47:13","modified_gmt":"2026-01-17T17:47:13","slug":"borussia-moenchengladbach-gladbach-erkaempft-naechste-nullnummer-sport","status":"publish","type":"post","link":"https:\/\/www.europesays.com\/de\/725907\/","title":{"rendered":"Borussia M\u00f6nchengladbach: Gladbach erk\u00e4mpft n\u00e4chste Nullnummer | Sport"},"content":{"rendered":"<p><b>In dieser Partie sollte in dieser Saison wohl kein Treffer fallen: Gladbach kam beim Hamburger SV zu einem gl\u00fccklichen 0:0. Bereits das Hinspiel im Borussia-Park zum Saisonauftakt war ohne Tore ausgegangen. F\u00fcr die Borussia war es insgesamt schon die 4. Nullnummer der Saison.<\/b><\/p>\n<p>Mehr zum Thema<\/p>\n<p>Der HSV war vor allem zu Beginn turmhoch \u00fcberlegen, scheiterte aber an der eigenen Chancenverwertung. Gladbach wollte nach dem 1:5 am Mittwoch in Hoffenheim eine Reaktion zeigen, vor allem besser in die Partie starten. Das klappte allerdings nicht \u2013 nach 25 Minuten hatte der HSV 13:0 Torsch\u00fcsse\u00a0\u2026<\/p>\n<p>Auch interessant<\/p>\n<p>Anzeige<\/p>\n<p>Auch interessant<\/p>\n<p>Anzeige<\/p>\n<p>Hamburg dominierte nach Belieben. K\u00f6nigsd\u00f6rffer setzte sich gegen Diks durch, Nicolas parierte. Den Abpraller knallte Domp\u00e9 an den Au\u00dfenpfosten (4.). Capaldo vergab nach sch\u00f6ner Kombination \u00fcber Vieira und Downs aus elf Metern (19.). Nach 26 Minuten hatte Borussia durch Tabakovic aus spitzem Winkel den ersten Torschuss \u2013 der aber neben die Kiste flog.<\/p>\n<p>Immerhin\u00a0\u2013 nach der Pause steigerten sich die Fohlen ein wenig. Klare Torchancen blieben aber aus. Weil die Mannschaft die wenigen Konterchancen nicht konsequent ausspielte. Rocco Reitz bei \u201eSky\u201c: \u201eF\u00fcr uns ist es ein bisschen schade, weil wir mehrere Situationen hatten, wo wir zu unsauber sind. Entweder kam die Flanke nicht, oder der letzte Steckpass kam nicht.\u201d Die Statistiken am Ende: 26:6 Torsch\u00fcsse f\u00fcr die Gastgeber, 12:0 Sch\u00fcsse aufs Tor \u2013 aber eben keine Tore.<\/p>\n<p>Schiedsrichter ermahnte die Balljungen<\/p>\n<p>Vor dem Anpfiff hatte ein <a href=\"https:\/\/www.bild.de\/sport\/fussball\/hsv-im-volksparkstadion-zu-sehen-riesen-fan-plakat-nach-kuntz-aus-696b9860c65ebb9e4d7144bf\" class=\"text-link\" rel=\"nofollow noopener\" target=\"_blank\">Plakat der Heim-Fans f\u00fcr Aufsehen.<\/a> Die Botschaft unmissverst\u00e4ndlich. \u201eOb Block oder Vorstandsflur: kein Platz f\u00fcr \u00dcbergriffe in unserem Verein \u2013 Solidarit\u00e4t mit allen betroffenen HSV-Mitarbeiterinnen\u201d. Hintergrund: die Trennung von Sport-Vorstand Stefan Kuntz.<\/p>\n<p>Und nach dem Seitenwechsel gab es auch noch eine kuriose Szene: Schiedsrichter Robert Schr\u00f6der l\u00e4uft zu den Hamburger Balljungen hinter dem Gladbach-Tor. Scheinbar lassen sie sich zu viel Zeit dabei, den Fohlen-Spielern die B\u00e4lle zu geben. Das hatten zuvor Keeper Nicolas und Verteidiger Diks mehrfach beanstandet.<\/p>\n","protected":false},"excerpt":{"rendered":"In dieser Partie sollte in dieser Saison wohl kein Treffer fallen: Gladbach kam beim Hamburger SV zu einem&hellip;\n","protected":false},"author":2,"featured_media":725908,"comment_status":"","ping_status":"","sticky":false,"template":"","format":"standard","meta":{"footnotes":"","_share_on_mastodon":"0"},"categories":[1849],"tags":[815,3364,29,69832,538,548,663,3934,30,13,4455,14,15,40420,1209,18893,12,819,45],"class_list":["post-725907","post","type-post","status-publish","format-standard","has-post-thumbnail","category-moenchengladbach","tag-borussia-moenchengladbach","tag-de","tag-deutschland","tag-elvedi-nico","tag-erste-bundesliga","tag-eu","tag-europa","tag-europe","tag-germany","tag-headlines","tag-moenchengladbach","tag-nachrichten","tag-news","tag-nicolas-moritz","tag-nordrhein-westfalen","tag-reitz-rocco","tag-schlagzeilen","tag-sport-leuchtturm-essen","tag-texttospeech"],"share_on_mastodon":{"url":"https:\/\/pubeurope.com\/@de\/115911697626337265","error":""},"_links":{"self":[{"href":"https:\/\/www.europesays.com\/de\/wp-json\/wp\/v2\/posts\/725907","targetHints":{"allow":["GET"]}}],"collection":[{"href":"https:\/\/www.europesays.com\/de\/wp-json\/wp\/v2\/posts"}],"about":[{"href":"https:\/\/www.europesays.com\/de\/wp-json\/wp\/v2\/types\/post"}],"author":[{"embeddable":true,"href":"https:\/\/www.europesays.com\/de\/wp-json\/wp\/v2\/users\/2"}],"replies":[{"embeddable":true,"href":"https:\/\/www.europesays.com\/de\/wp-json\/wp\/v2\/comments?post=725907"}],"version-history":[{"count":0,"href":"https:\/\/www.europesays.com\/de\/wp-json\/wp\/v2\/posts\/725907\/revisions"}],"wp:featuredmedia":[{"embeddable":true,"href":"https:\/\/www.europesays.com\/de\/wp-json\/wp\/v2\/media\/725908"}],"wp:attachment":[{"href":"https:\/\/www.europesays.com\/de\/wp-json\/wp\/v2\/media?parent=725907"}],"wp:term":[{"taxonomy":"category","embeddable":true,"href":"https:\/\/www.europesays.com\/de\/wp-json\/wp\/v2\/categories?post=725907"},{"taxonomy":"post_tag","embeddable":true,"href":"https:\/\/www.europesays.com\/de\/wp-json\/wp\/v2\/tags?post=725907"}],"curies":[{"name":"wp","href":"https:\/\/api.w.org\/{rel}","templated":true}]}}