{"id":726065,"date":"2026-01-17T19:17:16","date_gmt":"2026-01-17T19:17:16","guid":{"rendered":"https:\/\/www.europesays.com\/de\/726065\/"},"modified":"2026-01-17T19:17:16","modified_gmt":"2026-01-17T19:17:16","slug":"02-gegen-karlsruhe-preussen-frust-nach-fehlstart","status":"publish","type":"post","link":"https:\/\/www.europesays.com\/de\/726065\/","title":{"rendered":"0:2 gegen Karlsruhe &#8211; Preu\u00dfen-Frust nach Fehlstart"},"content":{"rendered":"<p>Fehlstart ins neue Jahr: Trotz einer starken ersten Halbzeit mit vielen guten Chancen hat Preu\u00dfen M\u00fcnster gegen Karlsruhe 0:2 verloren.<\/p>\n<p>M\u00fcnster (gl) &#8211; Klares Chancenplus, eine Halbzeit lang die deutlich bessere Mannschaft, aber als Schiedsrichter Eric Weisbach die Partie nach 97 intensiven Minuten abpfiff, standen die Preu\u00dfen-Profis mit leeren H\u00e4nden da. Diese 0:2 (0:0)-Heimniederlage vor 10 231 Zuschauern gegen den Karlsruher SC zum R\u00fcckrundenstart in der 2. Fu\u00dfball-Bundesliga f\u00e4llt in die Kategorie \u201emaximal bitter\u201c.\u00a0<\/p>\n<p class=\"contextmenu caption\">\u201eBrutaler Doppelschlag\u201c von Wanitzek in der Schlussphase<\/p>\n<p>Wenig bis gar nichts deutete am Samstagnachmittag an der Hammer Stra\u00dfe auf dieses Ergebnis hin \u2013 bis zur 78. Minute: Fehlpass von Preu\u00dfen-Keeper Johannes Schenk, Abwehrchef Paul Jaeckel wei\u00df sich nur mit einer Notbremse gegen Niclas Egloff zu helfen und sieht Rot. Den f\u00e4lligen Freisto\u00df zirkelt der bis dahin unauff\u00e4llige Marvin Wanitzek sehenswert zum 0:1 ins Netz. Und in der 88. Minute stoppte Jano ter Horst den durchbrechenden Pinto Pedrosa \u2013 Elfmeter. Wanitzek tritt an und verwandelt sicher zum 0:2.\u00a0<\/p>\n<p>Ein ganz bitteres Finale f\u00fcr den SCP, der die gro\u00dfe Chance vergab, sich ein wenig von der roten Zone der 2. Liga abzusetzen.\u00a0\u201eWir waren dem Sieg lange n\u00e4her als Karlsruhe, und dann dieser brutale Doppelschlag\u201c, haderte Preu\u00dfens Sportdirektor Jan Uphues nach dem Schlusspfiff. Die Rote Karte gegen Jaeckel tut doppelt weh, weil der Abwehrchef im n\u00e4chsten Ausw\u00e4rtsspiel in Paderborn gesperrt sein wird. \u201eDer Schiedsrichter muss da keine Rote Karte geben, weil Kirkeskov noch h\u00e4tte eingreifen k\u00f6nnen\u201c, sagte Jaeckel zu seinem Platzverweis. \u201eAber bitter ist, dass wir uns wieder nicht f\u00fcr den gro\u00dfen Aufwand und die vielen Chancen belohnt haben.\u201c<\/p>\n<p class=\"contextmenu caption\">Klares Chancenplus in der ersten Halbzeit<\/p>\n<p>Ja, dann kann man nicht widersprechen. Viele Chancen, keine Tore: Das 0:0 zur Pause war f\u00fcr Karlsruhe \u00e4u\u00dferst schmeichelhaft. Sechs gute M\u00f6glichkeiten verbuchten die Preu\u00dfen, die beiden besten vergab Zidan Sertdemir (4., 19.), keine einzige der KSC. M\u00fcnster verpasste es wie schon so oft in dieser Saison, sich f\u00fcr einen dominanten Auftritt zu belohnen und hatte dann auch noch Pech, dass der vermeintliche F\u00fchrungstreffer durch Kapit\u00e4n Jorrit Hendrix nach VAR-Check zur\u00fcckgenommen wurde (50.). Schiedsrichter Eric Weisbach entschied so, nachdem Sertdemir seiner Meinung nach regelwidrig den Ball vom \u00fcberragenden KSC-Schlussmann Bernat geklaut hatte. Eine strittige Szene, die ebenso wie der Platzverweis und der nicht gegebene Elfmeter nach Foul an Oliver Batista Meier (50.) gegen M\u00fcnster gepfiffen wurde. Uphues: \u201eDas waren f\u00fcr uns total ungl\u00fcckliche Entscheidungen.\u201c\u00a0<\/p>\n<p class=\"contextmenu caption\">Viele Ausf\u00e4lle &#8211; Preu\u00dfen suchen Verst\u00e4rkung f\u00fcr die Offensive<\/p>\n<p>Die mangelnde Abschlusseffizienz und personelle Sorgen f\u00fchren dazu, dass die Preu\u00dfen im Winter-Transferfenster Verst\u00e4rkung f\u00fcr die Offensive suchen. Mit Malik Batmaz, Oscar Vilhelmsson und Lars Lokotsch (Muskelfaserriss, sechs Wochen Zwangspause) fallen drei St\u00fcrmer verletzt aus. \u201eWir schauen uns um\u201c, sagte Trainer Alexander Ende und betonte: \u201eIch glaube schon, dass wir mit unserem System mit zwei St\u00fcrmern und einem Zehner dahinter eine interessante Adresse f\u00fcr Offensivspieler sind\u201c. Sein Fazit zum Spiel:\u00a0\u201eDominante erste Halbzeit, bringt aber nichts, wenn wir es nicht finalisieren. Die letzte Facette hat gefehlt, Effektivit\u00e4t ist das Thema.\u201c<\/p>\n<p>Texte und Fotos von die-glocke.de sind urheberrechtlich gesch\u00fctzt.<br \/>\n            Weiterverwendung nur mit Genehmigung der Chefredaktion.<\/p>\n","protected":false},"excerpt":{"rendered":"Fehlstart ins neue Jahr: Trotz einer starken ersten Halbzeit mit vielen guten Chancen hat Preu\u00dfen M\u00fcnster gegen Karlsruhe&hellip;\n","protected":false},"author":2,"featured_media":726066,"comment_status":"","ping_status":"","sticky":false,"template":"","format":"standard","meta":{"footnotes":"","_share_on_mastodon":"0"},"categories":[1844],"tags":[621,1634,3364,29,347,30,69565,8903,166912,29602],"class_list":["post-726065","post","type-post","status-publish","format-standard","has-post-thumbnail","category-karlsruhe","tag-2-bundesliga","tag-baden-wuerttemberg","tag-de","tag-deutschland","tag-fussball","tag-germany","tag-johannes-schenk","tag-karlsruhe","tag-karlsruhe-sc","tag-marvin-wanitzek"],"share_on_mastodon":{"url":"https:\/\/pubeurope.com\/@de\/115912051723582738","error":""},"_links":{"self":[{"href":"https:\/\/www.europesays.com\/de\/wp-json\/wp\/v2\/posts\/726065","targetHints":{"allow":["GET"]}}],"collection":[{"href":"https:\/\/www.europesays.com\/de\/wp-json\/wp\/v2\/posts"}],"about":[{"href":"https:\/\/www.europesays.com\/de\/wp-json\/wp\/v2\/types\/post"}],"author":[{"embeddable":true,"href":"https:\/\/www.europesays.com\/de\/wp-json\/wp\/v2\/users\/2"}],"replies":[{"embeddable":true,"href":"https:\/\/www.europesays.com\/de\/wp-json\/wp\/v2\/comments?post=726065"}],"version-history":[{"count":0,"href":"https:\/\/www.europesays.com\/de\/wp-json\/wp\/v2\/posts\/726065\/revisions"}],"wp:featuredmedia":[{"embeddable":true,"href":"https:\/\/www.europesays.com\/de\/wp-json\/wp\/v2\/media\/726066"}],"wp:attachment":[{"href":"https:\/\/www.europesays.com\/de\/wp-json\/wp\/v2\/media?parent=726065"}],"wp:term":[{"taxonomy":"category","embeddable":true,"href":"https:\/\/www.europesays.com\/de\/wp-json\/wp\/v2\/categories?post=726065"},{"taxonomy":"post_tag","embeddable":true,"href":"https:\/\/www.europesays.com\/de\/wp-json\/wp\/v2\/tags?post=726065"}],"curies":[{"name":"wp","href":"https:\/\/api.w.org\/{rel}","templated":true}]}}