{"id":726378,"date":"2026-01-17T22:17:11","date_gmt":"2026-01-17T22:17:11","guid":{"rendered":"https:\/\/www.europesays.com\/de\/726378\/"},"modified":"2026-01-17T22:17:11","modified_gmt":"2026-01-17T22:17:11","slug":"biathlon-kurios-frankreich-reservist-laeuft-30-km","status":"publish","type":"post","link":"https:\/\/www.europesays.com\/de\/726378\/","title":{"rendered":"Biathlon | Kurios: Frankreich-Reservist l\u00e4uft 30 km"},"content":{"rendered":"\n<p>Der franz\u00f6sische Biathlet Oscar Lombardot erlebte am Donnerstag einen der wohl kuriosesten und gleichzeitig erfolgreichsten Tage seiner Karriere. Nationaltrainer Simon Fourcade deutete daraufhin ein ganz besonderes Geschenk f\u00fcr den 25-J\u00e4hrigen an.<\/p>\n<p>Noch am Mittwoch war Oscar Lombardot einer der Verlierer bei den franz\u00f6sischen Biathleten. Der 25-J\u00e4hrige hatte sich urspr\u00fcnglich\u00a0Hoffnungen auf eine Staffel-Nominierung gemacht, wurde jedoch nicht ber\u00fccksichtigt. Und so stellte er sein pers\u00f6nliches Programm f\u00fcr den Tag entsprechend um.\u00a0<\/p>\n<p>Statt der Rennvorbereitung stand f\u00fcr ihn ein kleiner Trainings-Marathon auf dem Plan. Satte 30 Kilometer spulte er am Vormittag ab. Doch dann erreichte ihn pl\u00f6tzlich ein Anruf.\u00a0<\/p>\n<p>\t\tFrankreich baut Biathlon-Staffel notgedrungen um<\/p>\n<p>Bei den Franzosen fiel\u00a0\u00c9milien Jacquelin kurzfristig aus.\u00a0Lombardot musste einspringen, nachdem er zuvor seine lange und schlauchende Trainingseinheit absolviert hatte. Der 25-J\u00e4hrige wurde an Position zwei gesetzt &#8211; und sorgte dort daf\u00fcr, dass die Mannschaft im Kampf um den Sieg \u00fcberhaupt im Rennen blieb.<\/p>\n<p>Der Ersatzmann war in der Loipe zwar sp\u00fcrbar\u00a0gehandicapt und verlor 25 Sekunden auf die Spitze. Daf\u00fcr zauberte er sich am Schie\u00dfstand zehn Treffer bei zehn Versuchen aus dem \u00c4rmel. Vier Pl\u00e4tze macht er somit insgesamt gut.<\/p>\n<p>&#8222;Immerhin habe ich mir so nicht die ganze Nacht den Kopf dar\u00fcber zerbrochen, wie ich das Rennen angehen werde&#8220;, scherzte der Held des Tages anschlie\u00dfend \u00fcber seine kurzfristige Nominierung.\u00a0Quentin Fillon Maillet erg\u00e4nzte: &#8222;Wir haben ihn aufgezogen und ihm gesagt, dass er jetzt jeden Morgen 30 Kilometer laufen muss, um in Form zu sein.&#8220;<\/p>\n<p>Fourcade deutet Olympia-Ticket f\u00fcr Lombardot an<\/p>\n<p>Was Lombardots Auftritt zus\u00e4tzlich beeindruckend machte: &#8222;Ich bin die ganze Zeit alleine gelaufen, also war es h\u00e4rter als f\u00fcr die, die in einer Gruppe unterwegs waren. Ich habe getan, was ich konnte und h\u00e4tte es nicht besser machen k\u00f6nnen. Ich bin sehr gl\u00fccklich.&#8220;<\/p>\n<p>Gl\u00fccklich war nach dieser Leistung auch Simon Fourcade. Der Nationalcoach deutete nach dem Rennen an, dass die wenigen letzten Zweifel an einer Olympia-Nominierung Lombardots nach diesem Auftritt ausger\u00e4umt sind.\u00a0<\/p>\n<p>&#8222;Er hat alles getan, um zu den Olympischen Spielen zu fahren. [&#8230;] Wenn wir daran bisher noch irgendwelche Zweifel hatten, sind diese jetzt komplett ausger\u00e4umt&#8220;, erkl\u00e4rte der Verantwortliche.\u00a0<\/p>\n","protected":false},"excerpt":{"rendered":"Der franz\u00f6sische Biathlet Oscar Lombardot erlebte am Donnerstag einen der wohl kuriosesten und gleichzeitig erfolgreichsten Tage seiner Karriere.&hellip;\n","protected":false},"author":2,"featured_media":726379,"comment_status":"","ping_status":"","sticky":false,"template":"","format":"standard","meta":{"footnotes":"","_share_on_mastodon":"0"},"categories":[3974],"tags":[331,332,862,548,663,3934,3980,156,13,14,15,166972,164650,12,863,864],"class_list":["post-726378","post","type-post","status-publish","format-standard","has-post-thumbnail","category-frankreich","tag-aktuelle-nachrichten","tag-aktuelle-news","tag-biathlon","tag-eu","tag-europa","tag-europe","tag-france","tag-frankreich","tag-headlines","tag-nachrichten","tag-news","tag-oscar-lombardot","tag-ruhpolding","tag-schlagzeilen","tag-sport-allgemein","tag-wintersport"],"share_on_mastodon":{"url":"https:\/\/pubeurope.com\/@de\/115912759215685297","error":""},"_links":{"self":[{"href":"https:\/\/www.europesays.com\/de\/wp-json\/wp\/v2\/posts\/726378","targetHints":{"allow":["GET"]}}],"collection":[{"href":"https:\/\/www.europesays.com\/de\/wp-json\/wp\/v2\/posts"}],"about":[{"href":"https:\/\/www.europesays.com\/de\/wp-json\/wp\/v2\/types\/post"}],"author":[{"embeddable":true,"href":"https:\/\/www.europesays.com\/de\/wp-json\/wp\/v2\/users\/2"}],"replies":[{"embeddable":true,"href":"https:\/\/www.europesays.com\/de\/wp-json\/wp\/v2\/comments?post=726378"}],"version-history":[{"count":0,"href":"https:\/\/www.europesays.com\/de\/wp-json\/wp\/v2\/posts\/726378\/revisions"}],"wp:featuredmedia":[{"embeddable":true,"href":"https:\/\/www.europesays.com\/de\/wp-json\/wp\/v2\/media\/726379"}],"wp:attachment":[{"href":"https:\/\/www.europesays.com\/de\/wp-json\/wp\/v2\/media?parent=726378"}],"wp:term":[{"taxonomy":"category","embeddable":true,"href":"https:\/\/www.europesays.com\/de\/wp-json\/wp\/v2\/categories?post=726378"},{"taxonomy":"post_tag","embeddable":true,"href":"https:\/\/www.europesays.com\/de\/wp-json\/wp\/v2\/tags?post=726378"}],"curies":[{"name":"wp","href":"https:\/\/api.w.org\/{rel}","templated":true}]}}