{"id":726492,"date":"2026-01-17T23:23:11","date_gmt":"2026-01-17T23:23:11","guid":{"rendered":"https:\/\/www.europesays.com\/de\/726492\/"},"modified":"2026-01-17T23:23:11","modified_gmt":"2026-01-17T23:23:11","slug":"dieser-augsburger-lehrer-kochte-in-dubai-schon-fuer-nelson-mandela","status":"publish","type":"post","link":"https:\/\/www.europesays.com\/de\/726492\/","title":{"rendered":"Dieser Augsburger Lehrer kochte in Dubai schon f\u00fcr Nelson Mandela"},"content":{"rendered":"<p class=\"mb-6 text-xs md:text-m lg:text-l font-serif group-[.font-sans]:font-sans \">\n    Richard Beck k\u00f6nnte mit all seinen Erlebnissen ein Buch f\u00fcllen. Wenn der 52-J\u00e4hrige von seiner Zeit<a href=\"https:\/\/www.augsburger-allgemeine.de\/neu-ulm\/arabischer-golf-dubai-will-dem-rest-der-welt-zehn-jahre-voraus-sein-id69443746.html\" target=\"_self\" class=\"underline \" rel=\"noopener\"> im Luxus-Hotel Burj al Arab in Dubai<\/a> erz\u00e4hlt, ger\u00e4t er regelrecht ins Schw\u00e4rmen. \u201eDa kamen Leute mit dem Helikopter, die f\u00fcr eine Nacht 10.000 oder 12.000 Dollar bezahlt haben. Die Prinzessin von Brunei ist mit einem Koffer voller Bargeld angereist. Die hat dem gesamten Personal ein Trinkgeld von einer Million Dollar spendiert. Das war v\u00f6llig verr\u00fcckt\u201c, erz\u00e4hlt Beck mit gl\u00e4nzenden Augen. In den Jahren in Dubai hat er auch f\u00fcr den ehemaligen s\u00fcdafrikanischen Aktivisten und Politiker Nelson Mandela gekocht. \u201eDa war ich als Kind der Apartheid schon besonders stolz\u201c, schwelgt er in Erinnerungen.\u00a0\u00a0\n  <\/p>\n<ul data-module-id=\"DragDropModule\" class=\"flex flex-wrap justify-start group-[.no-bookmarks]:hidden\">\n<li class=\"mb-3 mr-3\">\n    Wolfgang Langner<\/p>\n<p>      Icon Haken im Kreis gesetzt<\/p>\n<p>      Icon Plus im Kreis<\/p>\n<\/li>\n<li class=\"mb-3 mr-3\">\n    Hubert Burda<\/p>\n<p>      Icon Haken im Kreis gesetzt<\/p>\n<p>      Icon Plus im Kreis<\/p>\n<\/li>\n<li class=\"mb-3 mr-3\">\n    Augsburg<\/p>\n<p>      Icon Haken im Kreis gesetzt<\/p>\n<p>      Icon Plus im Kreis<\/p>\n<\/li>\n<\/ul>\n","protected":false},"excerpt":{"rendered":"Richard Beck k\u00f6nnte mit all seinen Erlebnissen ein Buch f\u00fcllen. Wenn der 52-J\u00e4hrige von seiner Zeit im Luxus-Hotel&hellip;\n","protected":false},"author":2,"featured_media":726493,"comment_status":"","ping_status":"","sticky":false,"template":"","format":"standard","meta":{"footnotes":""},"categories":[1846],"tags":[680,772,60875,166981,3364,29,10250,548,663,3934,30,13,23442,166979,14,79267,15,166978,12,7116,166980],"class_list":{"0":"post-726492","1":"post","2":"type-post","3":"status-publish","4":"format-standard","5":"has-post-thumbnail","7":"category-augsburg","8":"tag-augsburg","9":"tag-bayern","10":"tag-brunei","11":"tag-burj","12":"tag-de","13":"tag-deutschland","14":"tag-dubai","15":"tag-eu","16":"tag-europa","17":"tag-europe","18":"tag-germany","19":"tag-headlines","20":"tag-helikopter","21":"tag-hubert-burda","22":"tag-nachrichten","23":"tag-nelson-mandela","24":"tag-news","25":"tag-richard-beck","26":"tag-schlagzeilen","27":"tag-suedafrika","28":"tag-willy-bogner"},"share_on_mastodon":{"url":"https:\/\/pubeurope.com\/@de\/115913019032660973","error":""},"_links":{"self":[{"href":"https:\/\/www.europesays.com\/de\/wp-json\/wp\/v2\/posts\/726492","targetHints":{"allow":["GET"]}}],"collection":[{"href":"https:\/\/www.europesays.com\/de\/wp-json\/wp\/v2\/posts"}],"about":[{"href":"https:\/\/www.europesays.com\/de\/wp-json\/wp\/v2\/types\/post"}],"author":[{"embeddable":true,"href":"https:\/\/www.europesays.com\/de\/wp-json\/wp\/v2\/users\/2"}],"replies":[{"embeddable":true,"href":"https:\/\/www.europesays.com\/de\/wp-json\/wp\/v2\/comments?post=726492"}],"version-history":[{"count":0,"href":"https:\/\/www.europesays.com\/de\/wp-json\/wp\/v2\/posts\/726492\/revisions"}],"wp:featuredmedia":[{"embeddable":true,"href":"https:\/\/www.europesays.com\/de\/wp-json\/wp\/v2\/media\/726493"}],"wp:attachment":[{"href":"https:\/\/www.europesays.com\/de\/wp-json\/wp\/v2\/media?parent=726492"}],"wp:term":[{"taxonomy":"category","embeddable":true,"href":"https:\/\/www.europesays.com\/de\/wp-json\/wp\/v2\/categories?post=726492"},{"taxonomy":"post_tag","embeddable":true,"href":"https:\/\/www.europesays.com\/de\/wp-json\/wp\/v2\/tags?post=726492"}],"curies":[{"name":"wp","href":"https:\/\/api.w.org\/{rel}","templated":true}]}}