{"id":726578,"date":"2026-01-18T00:14:16","date_gmt":"2026-01-18T00:14:16","guid":{"rendered":"https:\/\/www.europesays.com\/de\/726578\/"},"modified":"2026-01-18T00:14:16","modified_gmt":"2026-01-18T00:14:16","slug":"1-fc-koeln-sieg-im-trainer-endspiel-gesichts-tor-rettet-lukas-kwasniok-den-job-sport","status":"publish","type":"post","link":"https:\/\/www.europesays.com\/de\/726578\/","title":{"rendered":"1. FC K\u00f6ln: Sieg im Trainer-Endspiel: Gesichts-Tor rettet Lukas Kwasniok den Job! | Sport"},"content":{"rendered":"<p><b>K\u00f6ln feiert Karneval und seinen Trainer Lukas Kwasniok (44)! Durch einen Doppelpack von St\u00fcrmer Ragnar Ache siegt der FC gegen Mainz 05 mit 2:1. Ein verr\u00fccktes Spiel mit zwei unterschiedlichen Halbzeiten, in dem ein kurioses Tor K\u00f6ln nach acht Spielen ohne Sieg endlich wieder einen Dreier bringt \u2013 und <\/b><a href=\"https:\/\/www.bild.de\/sport\/fussball\/1-fc-koeln-lukas-kwasniok-hofft-auf-geduld-der-bosse-das-sind-koelns-trainer-szenarien-6969ef08f3f350a68710a7d1\" class=\"text-link\" target=\"_blank\" rel=\"noopener\"><b>Trainer Lukas Kwasniok (44) den Job rettet. <\/b><\/a><b>FC Sportdirektor Thomas Kessler (39) nach dem Spiel bei Sky \u00fcber den Trainer: \u201eIch hab vollstes Vertrauen in unseren Trainer. 20 Punkte sind f\u00fcr einen Aufsteiger sehr erfreulich.\u201c<\/b><\/p>\n<p>Allerdings: Im Endspiel um seinen Trainer-Job verzockt sich Kwasniok mit der Aufstellung, l\u00e4sst Ache und Krau\u00df zun\u00e4chst auf der Bank. Das Ergebnis: Gegen schwache <a href=\"https:\/\/www.bild.de\/sport\/fussball\/1-fc-koeln\/startseite-koeln-31148750.bild.html\" class=\"text-link\" target=\"_blank\" rel=\"noopener\">K\u00f6lner<\/a> gelingt Mainz die F\u00fchrung: Nach einem weiten Einwurf legt Abwehrkante Bell schon mit der Annahme den Ball an K\u00f6lns Martel vorbei und knallt ihn dann mit 111 km\/h zur 1:0-F\u00fchrung unter die Latte (29.). Schon das 9. Saisontor eines Verteidigers gegen K\u00f6ln.<\/p>\n<p><img decoding=\"async\" width=\"992\" height=\"558\" alt=\"Tor-Held! Ragnar Ache (27) schoss seinen ersten FC-Doppelpack\" src=\"https:\/\/www.europesays.com\/de\/wp-content\/uploads\/2026\/01\/84297a812229626b482b4ebae7c23415,368b9d95.jpeg\"   class=\"landscape\" loading=\"lazy\"\/><\/p>\n<p class=\"fig__caption__text\">Tor-Held! Ragnar Ache (27) schoss seinen ersten FC-Doppelpack<\/p>\n<p>Foto: Getty Images<\/p>\n<p>Mit Pfiffen schicken die FC-Fans eine komplett ratlose und verunsicherte K\u00f6lner Mannschaft in die Pause. Zur 2. H\u00e4lfte reagiert Kwasniok mutig mit Dreier-Wechsel: Ache f\u00fcr Johannesson, Krau\u00df f\u00fcr Martel und Lund f\u00fcr \u00d6zkacar \u2013 und die Joker stechen. Eine Flanke von Castro-Montes k\u00f6pft Ache unhaltbar zum Ausgleich ins Netz (59.). Das Stadion tobt sp\u00e4testens jetzt. Die Pfiffe sind vergessen. K\u00f6ln marschiert.<\/p>\n<p>Der FC anschlie\u00dfend mit Vollgas nach vorne, die Mannschaft dr\u00fcckt die 05er hinten rein und erzielt durch Ache tats\u00e4chlich den 2:1-Siegtreffer. Ein Kopfball von B\u00fclter klatscht an den Pfosten, von dort trifft der Ball erst da Costa, dann springt die Kugel von Aches Gesicht ins Netz (85.). Ein kurioses Tor, das K\u00f6ln den Sieg bringt und <a href=\"https:\/\/www.bild.de\/sport\/fussball\/1-fc-koeln-lukas-kwasniok-hofft-auf-geduld-der-bosse-das-sind-koelns-trainer-szenarien-6969ef08f3f350a68710a7d1\" class=\"text-link\" target=\"_blank\" rel=\"noopener\">Kwasniol vorerst den Job rettet<\/a>.<\/p>\n<p>Kwasniok-Erleichterung nach Endspiel-Sieg<\/p>\n<p>FC-Kapit\u00e4n Schw\u00e4be: \u201eWir sind \u00fcbergl\u00fccklich, dass wir nach der langen Leidenszeit belohnt wurden. Dass wir das Spiel in der 2. Halbzeit komplett gedreht haben, spricht f\u00fcr uns als Mannschaft.\u201c<\/p>\n<p>Auch interessant<\/p>\n<p>Anzeige<\/p>\n<p>Auch interessant<\/p>\n<p>Anzeige<\/p>\n<p>Alessio Castro-Montes: \u201eDie Brisanz und Bedeutung des Spiels war allen klar. Wir wussten, dass wir mutig sein m\u00fcssen und ein Punkt nicht reicht. Dann waren wir vor der Pause zu passiv und hatten nach der Pause nichts mehr zu verlieren.\u201c Sportboss Thomas Kessler: \u201eWenn man acht Spiele in Folge nicht gewinnt, ist es klar, dass der Druck in der Stadt steigt. Wir wussten, dass das heute ein 6-Punkte-Spiel war. Trotzdem sind wir nicht aus der brenzligen Zone raus.\u201c<\/p>\n<p>Und was sagt der Trainer zu seinem Endspiel-Sieg? Kwasniok: \u201eWenn du l\u00e4nger nicht gewinnst, f\u00fchlt sich ein Sieg etwas gr\u00f6\u00dfer an. N\u00fcchtern betrachtet, gibt es genau drei Punkte. Wir sollten n\u00fcchtern bleiben. Heute sind es drei Punkte mit einer gewissen Erleichterung. Das Stadion war ganz klar der spielentscheidende Faktor. Ein Dankesch\u00f6n ans Stadion, ein Danke an die S\u00fcd.\u201c<\/p>\n","protected":false},"excerpt":{"rendered":"K\u00f6ln feiert Karneval und seinen Trainer Lukas Kwasniok (44)! Durch einen Doppelpack von St\u00fcrmer Ragnar Ache siegt der&hellip;\n","protected":false},"author":2,"featured_media":726579,"comment_status":"","ping_status":"","sticky":false,"template":"","format":"standard","meta":{"footnotes":""},"categories":[1828],"tags":[623,29,538,347,30,1420,20101,25014,1209,43174,166459,819,45,13225],"class_list":{"0":"post-726578","1":"post","2":"type-post","3":"status-publish","4":"format-standard","5":"has-post-thumbnail","7":"category-koeln","8":"tag-1-fc-koeln","9":"tag-deutschland","10":"tag-erste-bundesliga","11":"tag-fussball","12":"tag-germany","13":"tag-koeln","14":"tag-kwasniok-lukas","15":"tag-mainz-05","16":"tag-nordrhein-westfalen","17":"tag-rheinenergiestadion","18":"tag-spieltag-18","19":"tag-sport-leuchtturm-essen","20":"tag-texttospeech","21":"tag-transferperiode"},"share_on_mastodon":{"url":"https:\/\/pubeurope.com\/@de\/115913219579491531","error":""},"_links":{"self":[{"href":"https:\/\/www.europesays.com\/de\/wp-json\/wp\/v2\/posts\/726578","targetHints":{"allow":["GET"]}}],"collection":[{"href":"https:\/\/www.europesays.com\/de\/wp-json\/wp\/v2\/posts"}],"about":[{"href":"https:\/\/www.europesays.com\/de\/wp-json\/wp\/v2\/types\/post"}],"author":[{"embeddable":true,"href":"https:\/\/www.europesays.com\/de\/wp-json\/wp\/v2\/users\/2"}],"replies":[{"embeddable":true,"href":"https:\/\/www.europesays.com\/de\/wp-json\/wp\/v2\/comments?post=726578"}],"version-history":[{"count":0,"href":"https:\/\/www.europesays.com\/de\/wp-json\/wp\/v2\/posts\/726578\/revisions"}],"wp:featuredmedia":[{"embeddable":true,"href":"https:\/\/www.europesays.com\/de\/wp-json\/wp\/v2\/media\/726579"}],"wp:attachment":[{"href":"https:\/\/www.europesays.com\/de\/wp-json\/wp\/v2\/media?parent=726578"}],"wp:term":[{"taxonomy":"category","embeddable":true,"href":"https:\/\/www.europesays.com\/de\/wp-json\/wp\/v2\/categories?post=726578"},{"taxonomy":"post_tag","embeddable":true,"href":"https:\/\/www.europesays.com\/de\/wp-json\/wp\/v2\/tags?post=726578"}],"curies":[{"name":"wp","href":"https:\/\/api.w.org\/{rel}","templated":true}]}}