{"id":726745,"date":"2026-01-18T01:54:11","date_gmt":"2026-01-18T01:54:11","guid":{"rendered":"https:\/\/www.europesays.com\/de\/726745\/"},"modified":"2026-01-18T01:54:11","modified_gmt":"2026-01-18T01:54:11","slug":"ticker-handball-em-deutschland-gegen-serbien-live","status":"publish","type":"post","link":"https:\/\/www.europesays.com\/de\/726745\/","title":{"rendered":"Ticker Handball-EM: Deutschland gegen Serbien live"},"content":{"rendered":"<p>Zwei Tage nach dem gelungenen EM-Auftakt gegen \u00d6sterreich haben die deutschen Handballer ihr zweites Spiel \u00fcberraschend verloren. Die DHB-Auswahl unterlag Serbien und muss nun sogar um das Aus in der Vorrunde f\u00fcrchten.<\/p>\n<p class=\"is-first-paragraph\" data-external=\"Article.FirstParagraph\">Deutschlands Handballer haben zum ersten Mal \u00fcberhaupt ein Pflichtspiel gegen Serbien verloren und m\u00fcssen um den Einzug in die EM-Hauptrunde zittern. Zwei Tage nach dem Auftaktsieg gegen \u00d6sterreich musste sich die Auswahl von Bundestrainer Alfred Gislason im d\u00e4nischen Herning mit 27:30 (17:13) geschlagen geben. Jeweils sechs Tore von Deutschlands besten Werfern Miro Schluroff und Renars Uscins reichten nicht, um die Niederlage abzuwenden.<\/p>\n<p>Zum Vorrundenabschluss trifft Deutschland am Montag (20.30 Uhr\/ZDF\/Dyn) erneut in Herning auf Spanien. Der zweimalige Europameister ist noch ohne Punktverlust und hatte sich zuvor mit 30:25 gegen \u00d6sterreich durchgesetzt. In bester Erinnerung d\u00fcrfte den DHB-Fans noch das dramatische Duell im Olympia-Halbfinale 2024 sein, das Deutschland 25:24 gewonnen hatte.<\/p>\n<p>In der m\u00f6glichen Hauptrunde d\u00fcrften die Gegner noch einmal deutlich h\u00e4rter werden. Neben Olympiasieger D\u00e4nemark und Titelverteidiger Frankreich warten dort wohl auch der WM-Vierte Portugal und Norwegen.<\/p>\n<p><b>Abonnieren Sie WELTMeister bei <\/b><a class=\"is-link c-block-items__link c-link--rich-text-renderer\" href=\"https:\/\/open.spotify.com\/show\/7CX3rSNRL11YEnW7IzkWIS?si=82f337b82c6b4e32&amp;nd=1&amp;dlsi=56417d9ce6fc406c\" data-internal-tracking-enabled=\"true\" data-internal-tracking=\"{&quot;action&quot;:&quot;click&quot;,&quot;label&quot;:&quot;link&quot;,&quot;name&quot;:&quot;Inline Element&quot;,&quot;data&quot;:{&quot;source&quot;:&quot;&quot;,&quot;target&quot;:&quot;https:\/\/open.spotify.com\/show\/7CX3rSNRL11YEnW7IzkWIS?si=82f337b82c6b4e32&amp;nd=1&amp;dlsi=56417d9ce6fc406c&quot;,&quot;trackingName&quot;:&quot;&quot;,&quot;trackingLabel&quot;:&quot;&quot;}}\" rel=\"nofollow noopener\" target=\"_blank\"><b>Spotify,<\/b><\/a><b> <\/b><a class=\"is-link c-block-items__link is-external c-link--rich-text-renderer\" href=\"https:\/\/podcasts.apple.com\/de\/podcast\/weltmeister\/id1852960967\" target=\"_blank\" title=\"(Link wird in einem neuen Tab ge\u00f6ffnet)\" rel=\"nofollow noopener\" data-internal-tracking-enabled=\"true\" data-internal-tracking=\"{&quot;action&quot;:&quot;click&quot;,&quot;label&quot;:&quot;link&quot;,&quot;name&quot;:&quot;Inline Element&quot;,&quot;data&quot;:{&quot;source&quot;:&quot;&quot;,&quot;target&quot;:&quot;https:\/\/podcasts.apple.com\/de\/podcast\/weltmeister\/id1852960967&quot;,&quot;trackingName&quot;:&quot;&quot;,&quot;trackingLabel&quot;:&quot;&quot;}}\"><b>Apple Podcasts<\/b><\/a><b> oder direkt per <\/b><a class=\"is-link c-block-items__link c-link--rich-text-renderer\" href=\"https:\/\/weltmeister.podigee.io\/feed\/mp3\" target=\"_blank\" rel=\"noopener nofollow\" data-internal-tracking-enabled=\"true\" data-internal-tracking=\"{&quot;action&quot;:&quot;click&quot;,&quot;label&quot;:&quot;link&quot;,&quot;name&quot;:&quot;Inline Element&quot;,&quot;data&quot;:{&quot;source&quot;:&quot;&quot;,&quot;target&quot;:&quot;https:\/\/weltmeister.podigee.io\/feed\/mp3&quot;,&quot;trackingName&quot;:&quot;&quot;,&quot;trackingLabel&quot;:&quot;&quot;}}\"><b>RSS-Feed.<\/b><\/a><\/p>\n<p>\u201eWir haben eine gute erste Halbzeit gemacht. In der zweiten haben wir die Abwehr nicht gut hinbekommen, aber vor allem vorne zu viele Fehler gemacht\u201c, fasste Gislason zusammen.<\/p>\n<p>Die Favoritenrolle lag eindeutig auf deutscher Seite. Noch nie hatte eine DHB-Auswahl ein Pflichtspiel gegen Serbien verloren. Auch ihrem Ruf als unangenehmer Gegner war die Mannschaft von der Balkanhalbinsel seit Jahren nicht mehr gerecht geworden. Dass Serbien seit dem Vize-Europameistertitel 2012 lediglich drei EM-Siege holte, spricht B\u00e4nde.<\/p>\n<p>Wolff sieht starken Sp\u00e4th im Tor<\/p>\n<p>Etwas \u00fcberraschend sa\u00df Andreas Wolff nach seiner starken Leistung gegen \u00d6sterreich auf der Bank. F\u00fcr ihn r\u00fcckte David Sp\u00e4th ins Tor, der seine Nominierung mit sehenswerten Paraden zur\u00fcckzahlte. Der auff\u00e4lligste Spieler im DHB-Team war aber Juri Knorr. Der DHB-Spielmacher leistete sich zwar fr\u00fche Fehlw\u00fcrfe, war aber an vier der ersten sechs Tore unmittelbar beteiligt und \u00fcberzeugte mit seiner Schnelligkeit und Dynamik bei Tempogegenst\u00f6\u00dfen.<\/p>\n<p>Deutschland spielte unheimlich mutig, agierte in den Abschl\u00fcssen aber oft \u00fcberhastet. \u201eWir \u00fcberholen uns manchmal ein bisschen selbst\u201c, befand Teammanager Benjamin Chatton in der ARD. Nach einer Viertelstunde war beim 8:8 alles offen. Erst die Einwechslung von Miro Schluroff hob den Angriff auf ein neues Level. Der Gummersbacher beeindruckte mit Hochgeschwindigkeitstoren aus dem R\u00fcckraum.<\/p>\n<p>Wie in allen Spielen der letzten Wochen tat sich Deutschland unmittelbar nach der Pause schwer und der Vorsprung schrumpfte beim 19:18 auf ein Tor. Auch, weil Serbiens Torh\u00fcter Dejan Milosavljev von den F\u00fcchsen Berlin eine starke Partie zeigte. 19 Minuten vor Schluss glich der Au\u00dfenseiter aus.<\/p>\n<p>Nach einer Auszeit schickte Gislason Wolff ins Tor, den die deutschen Fans nach einem gehaltenen Siebenmeter mit lauten Sprechch\u00f6ren feierten. Zw\u00f6lf Minuten vor Spielende geriet der Olympia-Zweite in R\u00fcckstand. Das Momentum hatte komplett gewechselt und die deutsche Abwehr fiel immer weiter auseinander.<\/p>\n<p>Mit einer Auszeit zum ung\u00fcnstigsten Zeitpunkt verhinderte Gislason drei Minuten vor Spielende dann auch noch einen eigenen Treffer. Der Ball war nach einem Wurf von Knorr zum Ausgleich im Tor, aber der Bundestrainer hatte vorher einen Moment zu fr\u00fch auf den Buzzer gedr\u00fcckt. Das sollte sich r\u00e4chen. Auch ich habe im Angriff Fehler gemacht\u201c, sagte Gislason und spielte auf die Szene bei der Auszeit an: \u201eIch habe in der Situation leider einen Bruchteil einer Sekunde zu fr\u00fch gedr\u00fcckt. Das geht auf meine Kappe.\u201c<\/p>\n<p>lw\u00f6<\/p>\n","protected":false},"excerpt":{"rendered":"Zwei Tage nach dem gelungenen EM-Auftakt gegen \u00d6sterreich haben die deutschen Handballer ihr zweites Spiel \u00fcberraschend verloren. Die&hellip;\n","protected":false},"author":2,"featured_media":726746,"comment_status":"","ping_status":"","sticky":false,"template":"","format":"standard","meta":{"footnotes":"","_share_on_mastodon":"0"},"categories":[136],"tags":[36888,15323,35933,29,30,59377,1391,165665,265],"class_list":["post-726745","post","type-post","status-publish","format-standard","has-post-thumbnail","category-sport","tag-alfred","tag-balken-inbox","tag-deutscher-handball-bund","tag-deutschland","tag-germany","tag-gislason","tag-handball","tag-handball-em-ks","tag-sport"],"share_on_mastodon":{"url":"https:\/\/pubeurope.com\/@de\/115913613170178774","error":""},"_links":{"self":[{"href":"https:\/\/www.europesays.com\/de\/wp-json\/wp\/v2\/posts\/726745","targetHints":{"allow":["GET"]}}],"collection":[{"href":"https:\/\/www.europesays.com\/de\/wp-json\/wp\/v2\/posts"}],"about":[{"href":"https:\/\/www.europesays.com\/de\/wp-json\/wp\/v2\/types\/post"}],"author":[{"embeddable":true,"href":"https:\/\/www.europesays.com\/de\/wp-json\/wp\/v2\/users\/2"}],"replies":[{"embeddable":true,"href":"https:\/\/www.europesays.com\/de\/wp-json\/wp\/v2\/comments?post=726745"}],"version-history":[{"count":0,"href":"https:\/\/www.europesays.com\/de\/wp-json\/wp\/v2\/posts\/726745\/revisions"}],"wp:featuredmedia":[{"embeddable":true,"href":"https:\/\/www.europesays.com\/de\/wp-json\/wp\/v2\/media\/726746"}],"wp:attachment":[{"href":"https:\/\/www.europesays.com\/de\/wp-json\/wp\/v2\/media?parent=726745"}],"wp:term":[{"taxonomy":"category","embeddable":true,"href":"https:\/\/www.europesays.com\/de\/wp-json\/wp\/v2\/categories?post=726745"},{"taxonomy":"post_tag","embeddable":true,"href":"https:\/\/www.europesays.com\/de\/wp-json\/wp\/v2\/tags?post=726745"}],"curies":[{"name":"wp","href":"https:\/\/api.w.org\/{rel}","templated":true}]}}