{"id":727025,"date":"2026-01-18T04:52:14","date_gmt":"2026-01-18T04:52:14","guid":{"rendered":"https:\/\/www.europesays.com\/de\/727025\/"},"modified":"2026-01-18T04:52:14","modified_gmt":"2026-01-18T04:52:14","slug":"trump-mobile-ftc-soll-werbeversprechen-pruefen","status":"publish","type":"post","link":"https:\/\/www.europesays.com\/de\/727025\/","title":{"rendered":"\u201eTrump Mobile\u201c \u2013 FTC soll Werbeversprechen pr\u00fcfen"},"content":{"rendered":"<p>    close notice<\/p>\n<p class=\"notice-banner__text a-u-mb-0\">\n      This article is also available in<br \/>\n        <a href=\"https:\/\/www.heise.de\/en\/news\/US-trade-oversight-to-examine-Trump-Phone-for-misleading-marketing-11144871.html\" class=\"notice-banner__link a-u-inline-link\" target=\"_blank\" rel=\"noopener\">English<\/a>.<\/p>\n<p>      It was translated with technical assistance and editorially reviewed before publication.\n    <\/p>\n<p class=\"notice-banner__link a-u-mb-0\">\n    Don\u2019t show this again.\n<\/p>\n<p>Eine Reihe von Kongressabgeordneten und Senatoren der USA hat sich mit einer Eingabe an die Federal Trade Commission (FTC) gewandt. Sie fordern, dass die Handelsbeh\u00f6rde das Marketing der Firma \u201eTrump Mobile\u201c pr\u00fcfen soll. Diese hatte im Juni 2025 <a href=\"https:\/\/www.heise.de\/news\/Trump-Mobile-Neuer-US-Mobilfunker-ist-kein-Preisbrecher-10449027.html\" target=\"_blank\" rel=\"noopener\">das Smartphone \u201eT1\u201c angek\u00fcndigt<\/a>, das \u201eMade in the USA\u201c sein sollte. Das halten die Volksvertreter f\u00fcr \u201eirref\u00fchrendes Marketing\u201c.<\/p>\n<p>        Weiterlesen nach der Anzeige<\/p>\n<p>Unter der Federf\u00fchrung der Senatorin Elizabeth Warren von der Demokratischen Partei listen die elf Unterzeichner des Schreibens (<a href=\"https:\/\/www.warren.senate.gov\/imo\/media\/doc\/updated_final_letter_to__the_federal_trade_commission_on_trump_mobile_delays.pdf\" rel=\"external noopener\" target=\"_blank\">PDF<\/a>) auf, was alles f\u00fcr das T1 versprochen wurde \u2013 und sich seitdem ge\u00e4ndert hat. Der Hinweis \u201eMade in the USA\u201c wurde zwar <a href=\"https:\/\/www.heise.de\/news\/T1-Phone-Trump-Organization-wirbt-nicht-mehr-mit-Made-in-USA-10461274.html\" target=\"_blank\" rel=\"noopener\">kurz nach der Ank\u00fcndigung des Ger\u00e4ts ge\u00e4ndert<\/a>, aber erst, nachdem Reservierungen f\u00fcr 100 US-Dollar verkauft worden waren. Zudem, so f\u00fchren die Politiker aus, gelten f\u00fcr \u201eMade in USA\u201c hohe Anforderungen. Dass ein nahezu vollst\u00e4ndig in den Vereinigten Staaten gebautes Smartphone \u00fcberhaupt machbar ist, hatten Branchenvertreter seit den Ank\u00fcndigungen immer wieder bezweifelt.<\/p>\n<p>Auch, dass das Trump-Phone immer noch nicht geliefert wird, bem\u00e4ngeln die Abgeordneten. Zuerst sollten die Ger\u00e4te ab August 2025 bei den Kunden eintreffen, das wurde immer wieder verschoben. Zuletzt auf den Dezember 2025, doch auch jetzt, im Januar, ist von den Handys nichts zu sehen. Auch, dass die neuesten Bilder offenbar ein Samsung S25 Ultra zeigen, erw\u00e4hnen die Volksvertreter. Samsung als s\u00fcdkoreanisches Unternehmen, das \u00fcberwiegend in China fertigen l\u00e4sst, rechtfertige nicht die neue Beschreibung von \u201ebrought to life right here in the USA\u201c, wie Trump Mobile zwischenzeitlich statt \u201eMade in the USA\u201c versprochen habe.<\/p>\n<p>Bew\u00e4hrungsprobe f\u00fcr die FTC<\/p>\n<p>Wie unter anderem das britische <a href=\"https:\/\/www.theregister.com\/2026\/01\/16\/ftc_trump_mobile\/\" rel=\"external noopener\" target=\"_blank\">\u201eThe Register\u201c schreibt<\/a>, geht es bei der Eingabe bei der FTC aber offensichtlich nicht nur um das Marketing f\u00fcr das Fan-Phone des US-Pr\u00e4sidenten. Das Schreiben dient wohl vor allem dazu, die Unabh\u00e4ngigkeit der einst m\u00e4chtigen und gef\u00fcrchteten FTC zu pr\u00fcfen, die auch vor gro\u00dfen kartellrechtlichen Untersuchungen nicht zur\u00fcckschreckte.<\/p>\n<p>US-Pr\u00e4sident Donald Trump hatte im M\u00e4rz 2025 auf Basis eines Dekrets von ihm das langj\u00e4hrige FTC-Mitglied Rebecca Kelly Slaughter zusammen mit deren Kollegen Alvaro Bedoya abgesetzt. Beide geh\u00f6ren den Demokraten an. Slaughter klagte daraufhin vor dem Supreme Court, eine Entscheidung in der Sache wird erst in einigen Monaten erwartet. Derzeit gibt es statt den f\u00fcnf vorgeschriebenen Kommissaren nur zwei, beide geh\u00f6ren den Republikanern an. Drei Sitze in der Kommission sind derzeit unbesetzt.<\/p>\n<p>(<a class=\"redakteurskuerzel__link\" href=\"https:\/\/www.heise.de\/news\/mailto:nie@heise.de\" title=\"Nico Ernst\" target=\"_blank\" rel=\"noopener\">nie<\/a>)<\/p>\n<p>\n      Dieser Link ist leider nicht mehr g\u00fcltig.\n    <\/p>\n<p>Links zu verschenkten Artikeln werden ung\u00fcltig,<br \/>\n      wenn diese \u00e4lter als 7\u00a0Tage sind oder zu oft aufgerufen wurden.\n    <\/p>\n<p><strong>Sie ben\u00f6tigen ein heise+ Paket, um diesen Artikel zu lesen. Jetzt eine Woche unverbindlich testen \u2013 ohne Verpflichtung!<\/strong><\/p>\n","protected":false},"excerpt":{"rendered":"close notice This article is also available in English. It was translated with technical assistance and editorially reviewed&hellip;\n","protected":false},"author":2,"featured_media":727026,"comment_status":"","ping_status":"","sticky":false,"template":"","format":"standard","meta":{"footnotes":""},"categories":[134],"tags":[175,170,169,29,106,20708,30,12934,171,174,1273,769,64376,173,172,55],"class_list":{"0":"post-727025","1":"post","2":"type-post","3":"status-publish","4":"format-standard","5":"has-post-thumbnail","7":"category-unternehmen-maerkte","8":"tag-business","9":"tag-companies","10":"tag-companies-markets","11":"tag-deutschland","12":"tag-donald-trump","13":"tag-federal-trade-commission","14":"tag-germany","15":"tag-journal","16":"tag-markets","17":"tag-maerkte","18":"tag-mobiles","19":"tag-smartphone","20":"tag-trump-mobile","21":"tag-unternehmen","22":"tag-unternehmen-maerkte","23":"tag-wirtschaft"},"share_on_mastodon":{"url":"https:\/\/pubeurope.com\/@de\/115914312639205875","error":""},"_links":{"self":[{"href":"https:\/\/www.europesays.com\/de\/wp-json\/wp\/v2\/posts\/727025","targetHints":{"allow":["GET"]}}],"collection":[{"href":"https:\/\/www.europesays.com\/de\/wp-json\/wp\/v2\/posts"}],"about":[{"href":"https:\/\/www.europesays.com\/de\/wp-json\/wp\/v2\/types\/post"}],"author":[{"embeddable":true,"href":"https:\/\/www.europesays.com\/de\/wp-json\/wp\/v2\/users\/2"}],"replies":[{"embeddable":true,"href":"https:\/\/www.europesays.com\/de\/wp-json\/wp\/v2\/comments?post=727025"}],"version-history":[{"count":0,"href":"https:\/\/www.europesays.com\/de\/wp-json\/wp\/v2\/posts\/727025\/revisions"}],"wp:featuredmedia":[{"embeddable":true,"href":"https:\/\/www.europesays.com\/de\/wp-json\/wp\/v2\/media\/727026"}],"wp:attachment":[{"href":"https:\/\/www.europesays.com\/de\/wp-json\/wp\/v2\/media?parent=727025"}],"wp:term":[{"taxonomy":"category","embeddable":true,"href":"https:\/\/www.europesays.com\/de\/wp-json\/wp\/v2\/categories?post=727025"},{"taxonomy":"post_tag","embeddable":true,"href":"https:\/\/www.europesays.com\/de\/wp-json\/wp\/v2\/tags?post=727025"}],"curies":[{"name":"wp","href":"https:\/\/api.w.org\/{rel}","templated":true}]}}