{"id":727197,"date":"2026-01-18T06:39:39","date_gmt":"2026-01-18T06:39:39","guid":{"rendered":"https:\/\/www.europesays.com\/de\/727197\/"},"modified":"2026-01-18T06:39:39","modified_gmt":"2026-01-18T06:39:39","slug":"u17-hallencup-in-dormagen-mit-attraktivem-feld","status":"publish","type":"post","link":"https:\/\/www.europesays.com\/de\/727197\/","title":{"rendered":"U17-Hallencup in Dormagen mit attraktivem Feld"},"content":{"rendered":"<p class=\"text_ohne_einzug richtext text-em-55 !leading-serif mx-6 desktop:mx-0\"> Der U17-Hallencup des TSV Bayer <a href=\"https:\/\/rp-online.de\/thema\/dormagen\/\" rel=\"nofollow noopener\" target=\"_blank\">Dormagen<\/a> ist auf dem besten Weg, zu einem Klassiker des Jugendfu\u00dfballs in der Region zu werden. Wie schon im vergangenen Jahr konnten die Dormagener ein \u00fcberaus attraktives Feld zusammentrommeln. Dazu z\u00e4hlte nicht nur der Nachwuchs des Wuppertaler SV, der am Ende seinen ersten Platz aus dem Vorjahr verteidigen konnte. Auch die restlichen Teilnehmer Alemannia <a href=\"https:\/\/rp-online.de\/thema\/aachen\/\" rel=\"nofollow noopener\" target=\"_blank\">Aachen<\/a>, <a href=\"https:\/\/rp-online.de\/thema\/sv-wehen-wiesbaden\/\" rel=\"nofollow noopener\" target=\"_blank\">SV Wehen Wiesbaden<\/a>, die SG Andernach, SC RW <a href=\"https:\/\/rp-online.de\/thema\/oberhausen\/\" rel=\"nofollow noopener\" target=\"_blank\">Oberhausen<\/a>, FC RW <a href=\"https:\/\/rp-online.de\/thema\/erfurt\/\" rel=\"nofollow noopener\" target=\"_blank\">Erfurt<\/a> und Racing FC Union L\u00ebtzebuerg aus Luxemburg waren eine Bereicherung.<\/p>\n","protected":false},"excerpt":{"rendered":"Der U17-Hallencup des TSV Bayer Dormagen ist auf dem besten Weg, zu einem Klassiker des Jugendfu\u00dfballs in der&hellip;\n","protected":false},"author":2,"featured_media":727198,"comment_status":"","ping_status":"","sticky":false,"template":"","format":"standard","meta":{"footnotes":"","_share_on_mastodon":"0"},"categories":[1840],"tags":[13203,6605,3364,29,39716,30,167116,167117,1209,6963,12483,167118,28727,24995,4418,6226],"class_list":["post-727197","post","type-post","status-publish","format-standard","has-post-thumbnail","category-wuppertal","tag-nachwuchs","tag-bayer","tag-de","tag-deutschland","tag-dormagen","tag-germany","tag-hallencup","tag-letzebuerg","tag-nordrhein-westfalen","tag-sieg","tag-tsv","tag-turniersieger","tag-u17","tag-wehen","tag-wuppertal","tag-wuppertaler"],"share_on_mastodon":{"url":"https:\/\/pubeurope.com\/@de\/115914733207536873","error":""},"_links":{"self":[{"href":"https:\/\/www.europesays.com\/de\/wp-json\/wp\/v2\/posts\/727197","targetHints":{"allow":["GET"]}}],"collection":[{"href":"https:\/\/www.europesays.com\/de\/wp-json\/wp\/v2\/posts"}],"about":[{"href":"https:\/\/www.europesays.com\/de\/wp-json\/wp\/v2\/types\/post"}],"author":[{"embeddable":true,"href":"https:\/\/www.europesays.com\/de\/wp-json\/wp\/v2\/users\/2"}],"replies":[{"embeddable":true,"href":"https:\/\/www.europesays.com\/de\/wp-json\/wp\/v2\/comments?post=727197"}],"version-history":[{"count":0,"href":"https:\/\/www.europesays.com\/de\/wp-json\/wp\/v2\/posts\/727197\/revisions"}],"wp:featuredmedia":[{"embeddable":true,"href":"https:\/\/www.europesays.com\/de\/wp-json\/wp\/v2\/media\/727198"}],"wp:attachment":[{"href":"https:\/\/www.europesays.com\/de\/wp-json\/wp\/v2\/media?parent=727197"}],"wp:term":[{"taxonomy":"category","embeddable":true,"href":"https:\/\/www.europesays.com\/de\/wp-json\/wp\/v2\/categories?post=727197"},{"taxonomy":"post_tag","embeddable":true,"href":"https:\/\/www.europesays.com\/de\/wp-json\/wp\/v2\/tags?post=727197"}],"curies":[{"name":"wp","href":"https:\/\/api.w.org\/{rel}","templated":true}]}}