{"id":727350,"date":"2026-01-18T08:15:12","date_gmt":"2026-01-18T08:15:12","guid":{"rendered":"https:\/\/www.europesays.com\/de\/727350\/"},"modified":"2026-01-18T08:15:12","modified_gmt":"2026-01-18T08:15:12","slug":"reaktionen-aus-der-eu-zu-trumps-zoll-drohung","status":"publish","type":"post","link":"https:\/\/www.europesays.com\/de\/727350\/","title":{"rendered":"Reaktionen aus der EU zu Trumps Zoll-Drohung"},"content":{"rendered":"<p>Sie m\u00f6chten weiterlesen?<\/p>\n<p>W\u00e4hlen Sie eine Option:<\/p>\n<p>Sie sind bereits Digitalabonnent?<\/p>\n<p>    <a href=\"https:\/\/login.noz.de?reason=Paywall&amp;ref=https%3A%2F%2Fwww.noz.de%2Fdeutschland-welt%2Fpolitik%2Fartikel%2Fvoellig-falsch-reaktionen-aus-der-eu-zu-trumps-zoll-drohung-49779278\" class=\"typeface-font m-b-2 button--rounded button--secondary button--secondary__light text-color__pacific-blue-40 paywall--classic--button-log-in paywall--classic--m-b-breakpoint\" title=\"anmelden\" rel=\"nofollow noopener\" target=\"_blank\">Anmelden<\/a><\/p>\n<p>\n                            <b>Monatsabo<\/b>\n                        <\/p>\n<p>    Neue Osnabr\u00fccker Zeitung<\/p>\n<p>    Plus Logo Round<br \/>\n    Plus Logo Round<\/p>\n<ul class=\"size--m-6 paywall-journey__p-l-30 p-r-1\">\n<li class=\"text--l paywall-journey__list-item p-b-05\">Alle Artikel &amp; Inhalte auf NOZ.de<\/li>\n<li class=\"text--l paywall-journey__list-item p-b-05\">News-App inkl. Push-Funktion<\/li>\n<li class=\"text--l paywall-journey__list-item p-b-05\"><b>99 Cent im ersten Monat, alle Vorteile nutzen<\/b><\/li>\n<\/ul>\n<p>                        <a href=\"https:\/\/meine.noz.de\/angebote\/nozplus-probemonat99?kan=FRE&amp;dstp=paywall-new&amp;origin=https%3A%2F%2Fwww.noz.de%2Fdeutschland-welt%2Fpolitik%2Fartikel%2Fvoellig-falsch-reaktionen-aus-der-eu-zu-trumps-zoll-drohung-49779278%3Fcuid%3D14.10.20001102\" class=\"link button button--rounded bg-color__pacific-blue-100 paywall-journey__button-standard-width paywall-journey__button-standard-padding m-b-15 paywall-button-month-for-free\" title=\"Probemonat f\u00fcr 99 Cent\" target=\"_self\" rel=\"nofollow noopener\">Probemonat f\u00fcr 99 Cent<\/a>                                                                                <a href=\"https:\/\/meine.noz.de\/angebote\/nozplus-probemonat99\/paypalexpress\/?kan=FRE&amp;kan2=ppexpress&amp;dstp=paywall-new&amp;origin=https%3A%2F%2Fwww.noz.de%2Fdeutschland-welt%2Fpolitik%2Fartikel%2Fvoellig-falsch-reaktionen-aus-der-eu-zu-trumps-zoll-drohung-49779278%3Fcuid%3D14.10.20001102\" class=\"link paywall-button-paypal\" title=\"\" target=\"_self\" rel=\"nofollow noopener\"><img decoding=\"async\" alt=\"\" title=\"\" width=\"\" height=\"\" src=\"https:\/\/www.europesays.com\/de\/wp-content\/uploads\/2025\/04\/paypal_button.png\" class=\"paywall-journey__button-standard-width m-b-15\" loading=\"lazy\"\/><\/a>                                                <\/p>\n<p><b>Monatlich k\u00fcndbar<\/b><\/p>\n<p>\n                            <b>Jahresabo (30 % sparen!)<\/b>\n                        <\/p>\n<p>    Neue Osnabr\u00fccker Zeitung<\/p>\n<p>    Plus Logo Round<br \/>\n    Plus Logo Round<\/p>\n<ul class=\"size--m-6 paywall-journey__p-l-30 p-r-1 m-b-25\">\n<li class=\"text--l paywall-journey__list-item p-b-05\">Alle Artikel &amp; Inhalte auf NOZ.de<\/li>\n<li class=\"text--l paywall-journey__list-item p-b-05\">News-App inkl. Push-Funktion<\/li>\n<li class=\"text--l paywall-journey__list-item p-b-05\">14,95 \u20ac <b>9,95 \u20ac pro Monat<\/b><\/li>\n<\/ul>\n<p>                        <a href=\"https:\/\/meine.noz.de\/angebote\/nozplus-jahresabo-2?kan=FRE&amp;dstp=paywall-new&amp;origin=https%3A%2F%2Fwww.noz.de%2Fdeutschland-welt%2Fpolitik%2Fartikel%2Fvoellig-falsch-reaktionen-aus-der-eu-zu-trumps-zoll-drohung-49779278%3Fcuid%3D14.10.20001102\" class=\"link button button--rounded bg-color__pacific-blue-100 paywall-journey__button-standard-width paywall-journey__button-standard-padding m-b-15 paywall-button-month-for-free\" title=\"Jetzt Angebot sichern\" target=\"_self\" rel=\"nofollow noopener\">Jetzt Angebot sichern<\/a>                                                                                <a href=\"https:\/\/meine.noz.de\/angebote\/nozplus-jahresabo-2\/paypalexpress\/?kan=FRE&amp;dstp=paywall-new&amp;origin=https%3A%2F%2Fwww.noz.de%2Fdeutschland-welt%2Fpolitik%2Fartikel%2Fvoellig-falsch-reaktionen-aus-der-eu-zu-trumps-zoll-drohung-49779278%3Fcuid%3D14.10.20001102\" class=\"link paywall-button-paypal\" title=\"\" target=\"_self\" rel=\"nofollow noopener\"><img decoding=\"async\" alt=\"\" title=\"\" width=\"\" height=\"\" src=\"https:\/\/www.europesays.com\/de\/wp-content\/uploads\/2025\/04\/paypal_button.png\" class=\"paywall-journey__button-standard-width m-b-15\" loading=\"lazy\"\/><\/a>                                                <\/p>\n<p><b>12 Monate zum Vorteilspreis<\/b><\/p>\n","protected":false},"excerpt":{"rendered":"Sie m\u00f6chten weiterlesen? W\u00e4hlen Sie eine Option: Sie sind bereits Digitalabonnent? Anmelden Monatsabo Neue Osnabr\u00fccker Zeitung Plus Logo&hellip;\n","protected":false},"author":2,"featured_media":727351,"comment_status":"","ping_status":"","sticky":false,"template":"","format":"standard","meta":{"footnotes":"","_share_on_mastodon":"0"},"categories":[3933],"tags":[331,332,296,937,21,31529,1160,29,106,1356,548,663,158,7736,8651,3934,3935,646,156,452,551,13,104121,5554,37814,7062,14,15,965,913,1158,167139,39193,1205,12,1319,31412,1493,64,320,1033],"class_list":["post-727350","post","type-post","status-publish","format-standard","has-post-thumbnail","category-eu","tag-aktuelle-nachrichten","tag-aktuelle-news","tag-berlin","tag-bruessel","tag-buendnis-90-die-gruenen","tag-christlich-demokratische-union-deutschlands","tag-daenemark","tag-deutschland","tag-donald-trump","tag-emmanuel-macron","tag-eu","tag-europa","tag-europaeische-union","tag-europaeische-union-eu","tag-europapolitik","tag-europe","tag-european-union","tag-finnland","tag-frankreich","tag-groenland","tag-grossbritannien","tag-headlines","tag-jonas-gahr-store","tag-keir-starmer","tag-konferenzen","tag-manfred-weber","tag-nachrichten","tag-news","tag-niederlande","tag-norwegen","tag-organisationen","tag-peter-beyer","tag-ralf-stegner","tag-roderich-kiesewetter","tag-schlagzeilen","tag-schweden","tag-stefan-kornelius","tag-ursula-von-der-leyen","tag-usa","tag-washington","tag-zypern"],"share_on_mastodon":{"url":"","error":"Validation failed: Text character limit of 500 exceeded"},"_links":{"self":[{"href":"https:\/\/www.europesays.com\/de\/wp-json\/wp\/v2\/posts\/727350","targetHints":{"allow":["GET"]}}],"collection":[{"href":"https:\/\/www.europesays.com\/de\/wp-json\/wp\/v2\/posts"}],"about":[{"href":"https:\/\/www.europesays.com\/de\/wp-json\/wp\/v2\/types\/post"}],"author":[{"embeddable":true,"href":"https:\/\/www.europesays.com\/de\/wp-json\/wp\/v2\/users\/2"}],"replies":[{"embeddable":true,"href":"https:\/\/www.europesays.com\/de\/wp-json\/wp\/v2\/comments?post=727350"}],"version-history":[{"count":0,"href":"https:\/\/www.europesays.com\/de\/wp-json\/wp\/v2\/posts\/727350\/revisions"}],"wp:featuredmedia":[{"embeddable":true,"href":"https:\/\/www.europesays.com\/de\/wp-json\/wp\/v2\/media\/727351"}],"wp:attachment":[{"href":"https:\/\/www.europesays.com\/de\/wp-json\/wp\/v2\/media?parent=727350"}],"wp:term":[{"taxonomy":"category","embeddable":true,"href":"https:\/\/www.europesays.com\/de\/wp-json\/wp\/v2\/categories?post=727350"},{"taxonomy":"post_tag","embeddable":true,"href":"https:\/\/www.europesays.com\/de\/wp-json\/wp\/v2\/tags?post=727350"}],"curies":[{"name":"wp","href":"https:\/\/api.w.org\/{rel}","templated":true}]}}