{"id":727513,"date":"2026-01-18T09:51:41","date_gmt":"2026-01-18T09:51:41","guid":{"rendered":"https:\/\/www.europesays.com\/de\/727513\/"},"modified":"2026-01-18T09:51:41","modified_gmt":"2026-01-18T09:51:41","slug":"mutmasslicher-sexualstraftaeter-an-tschechischer-grenze-im-osterzgebirge-festgenommen","status":"publish","type":"post","link":"https:\/\/www.europesays.com\/de\/727513\/","title":{"rendered":"Mutma\u00dflicher Sexualstraft\u00e4ter an tschechischer Grenze im Osterzgebirge festgenommen"},"content":{"rendered":"<p class=\"text\">\nBei einer Kontrolle am Grenz\u00fcbergang Breitenau hat die Bundespolizei einen polizeilich gesuchten Mann festgenommen. Wie die Bundespolizei mitteilte, hatte sie den 40\u2011J\u00e4hrigen am Mittwochmorgen bei der Einreise in einem Reisebus \u00fcberpr\u00fcft. Dabei habe sich herausgestellt, dass gegen den Deutschen ein aktueller Untersuchungshaftbefehl der Staatsanwaltschaft Kiel wegen schweren sexuellen Missbrauchs von Kindern vorgelegen habe. Den Angaben zufolge war der Mann erst einen Tag zuvor zur Festnahme ausgeschrieben worden. Er wurde festgenommen und anschlie\u00dfend in die Justizvollzugsanstalt Dresden gebracht.\n<\/p>\n<p>Ermittlungsverfahren l\u00e4uft aktuell<\/p>\n<p class=\"text\">\nWie Michael Bimler von der Staatsanwaltschaft Kiel MDR SACHSEN sagte, l\u00e4uft momentan gegen den Mann aus Hamburg ein Ermittlungsverfahren. Ein Urteil habe es noch nicht gegeben. Dem 40-J\u00e4hrigen werde vorgeworfen, im Zeitraum von August 2024 bis August 2025 ein Kind schwer sexuell missbraucht zu haben. Der Haftbefehl sei wegen der Schwere der Vorw\u00fcrfe und zur Sicherung des Verfahrens erlassen worden.\n<\/p>\n<p class=\"text\">\nUnklar sei, ob der Mann fl\u00fcchten wollte oder wohin er unterwegs war. Weitere Details zu den Tatvorw\u00fcrfen nannte die Staatsanwaltschaft nicht.<\/p>\n","protected":false},"excerpt":{"rendered":"Bei einer Kontrolle am Grenz\u00fcbergang Breitenau hat die Bundespolizei einen polizeilich gesuchten Mann festgenommen. Wie die Bundespolizei mitteilte,&hellip;\n","protected":false},"author":2,"featured_media":727514,"comment_status":"","ping_status":"","sticky":false,"template":"","format":"standard","meta":{"footnotes":"","_share_on_mastodon":"0"},"categories":[1835],"tags":[3364,29,2386,88854,30,1000,81,14,859,102310,40848],"class_list":["post-727513","post","type-post","status-publish","format-standard","has-post-thumbnail","category-dresden","tag-de","tag-deutschland","tag-dresden","tag-fluchtversuch","tag-germany","tag-gewalt","tag-mdr","tag-nachrichten","tag-sachsen","tag-sexualisierte","tag-straftaeter"],"share_on_mastodon":{"url":"https:\/\/pubeurope.com\/@de\/115915488245160471","error":""},"_links":{"self":[{"href":"https:\/\/www.europesays.com\/de\/wp-json\/wp\/v2\/posts\/727513","targetHints":{"allow":["GET"]}}],"collection":[{"href":"https:\/\/www.europesays.com\/de\/wp-json\/wp\/v2\/posts"}],"about":[{"href":"https:\/\/www.europesays.com\/de\/wp-json\/wp\/v2\/types\/post"}],"author":[{"embeddable":true,"href":"https:\/\/www.europesays.com\/de\/wp-json\/wp\/v2\/users\/2"}],"replies":[{"embeddable":true,"href":"https:\/\/www.europesays.com\/de\/wp-json\/wp\/v2\/comments?post=727513"}],"version-history":[{"count":0,"href":"https:\/\/www.europesays.com\/de\/wp-json\/wp\/v2\/posts\/727513\/revisions"}],"wp:featuredmedia":[{"embeddable":true,"href":"https:\/\/www.europesays.com\/de\/wp-json\/wp\/v2\/media\/727514"}],"wp:attachment":[{"href":"https:\/\/www.europesays.com\/de\/wp-json\/wp\/v2\/media?parent=727513"}],"wp:term":[{"taxonomy":"category","embeddable":true,"href":"https:\/\/www.europesays.com\/de\/wp-json\/wp\/v2\/categories?post=727513"},{"taxonomy":"post_tag","embeddable":true,"href":"https:\/\/www.europesays.com\/de\/wp-json\/wp\/v2\/tags?post=727513"}],"curies":[{"name":"wp","href":"https:\/\/api.w.org\/{rel}","templated":true}]}}