{"id":727515,"date":"2026-01-18T09:52:13","date_gmt":"2026-01-18T09:52:13","guid":{"rendered":"https:\/\/www.europesays.com\/de\/727515\/"},"modified":"2026-01-18T09:52:13","modified_gmt":"2026-01-18T09:52:13","slug":"wieder-reizgas-attacke-auf-restaurant-grosseinsatz","status":"publish","type":"post","link":"https:\/\/www.europesays.com\/de\/727515\/","title":{"rendered":"Wieder Reizgas-Attacke auf Restaurant \u2013 Gro\u00dfeinsatz"},"content":{"rendered":"<p>24 Menschen medizinisch versorgt <\/p>\n<p>Innerhalb weniger Tage: Wieder Reizgas-Angriff auf Restaurant<\/p>\n<p>18.01.2026 &#8211; 08:09 UhrLesedauer: 2 Min.<\/p>\n<p><a href=\"#focus-0\" class=\"transition-colors duration-200 block text-current relative\" data-sctrack=\"FocusGalleryImage.Reference\"><img fetchpriority=\"high\" data-testid=\"Opener.Image\" style=\"--lqipURL:url('https:\/\/images.t-online.de\/2026\/01\/5nAO17oYgM-Y\/0x94:1800x1012\/fit-in\/150x0\/filters:blur(25)\/rettungskraefte-am-einsatzort-mehrere-menschen-mussten-notaerztlich-untersucht-werden.jpg')\"   loading=\"eager\" src=\"https:\/\/www.europesays.com\/de\/wp-content\/uploads\/2026\/01\/rettungskraefte-am-einsatzort-mehrere-menschen-mussten-notaerztlich-untersucht-werden.jpg\" alt=\"Rettungskr\u00e4fte am Einsatzort: Mehrere Menschen mussten not\u00e4rztlich untersucht werden.\" title=\"Rettungskr\u00e4fte am Einsatzort: Mehrere Menschen mussten not\u00e4rztlich untersucht werden.\" width=\"1800\" height=\"1012\" class=\"bg-[url:var(--lqipURL)] bg-cover bg-center flex h-full w-full max-w-full\" decoding=\"async\"\/><img style=\"--width:32;--height:32\" loading=\"lazy\" src=\"https:\/\/dresden.t-online.de\/s\/paper\/_next\/static\/media\/zoom-in.f7dae02f.svg\" alt=\"Vergr\u00f6\u00dfern des Bildes\" title=\"Vergr\u00f6\u00dfern des Bildes\" class=\"block h-[calc(var(--height)_\/_16_*_1rem)] w-[calc(var(--width)_\/_16_*_1rem)] max-w-none absolute bottom-8 right-8 rounded-4 bg-snow p-8\" decoding=\"async\"\/><\/a><\/p>\n<p>Rettungskr\u00e4fte am Einsatzort: Mehrere Menschen mussten not\u00e4rztlich untersucht werden. (Quelle: Roland Halkasch)<\/p>\n<p class=\"font-bold text-18 leading-17\">In Dresden ist es erneut zu einer Reizgas-Attacke gekommen. Die Polizei pr\u00fcft nun den Zusammenhang zu einer anderen Tat<\/p>\n<p class=\"text-18 leading-17\">In Dresden ist es erneut zu einem Reizgas-Angriff auf ein Restaurant gekommen. Der Vorfall ereignete sich am Samstagabend zwischen 20.25 und 22.15 Uhr in einem Restaurant in der Niedersedlitzer Stra\u00dfe. Zu diesem Zeitpunkt befanden sich laut Feuerwehr etwa 80 bis 90 Menschen in dem Restaurant. 24 von ihnen mussten demnach anschlie\u00dfend medizinisch untersucht werden.<\/p>\n<p class=\"text-18 leading-17\">Die Feuerwehr ging den Angaben zufolge von einer gro\u00dfen Anzahl an Betroffenen aus, die unter Reizungen der Augen und Atemwege leiden. Daher habe sie einen &#8222;Massenanfall von Verletzten und Erkrankten&#8220; ausgel\u00f6st. Entsprechend h\u00e4tten zuerst eintreffende Einsatzkr\u00e4fte nachalarmiert und vorsorglich Krankenh\u00e4user informiert.<\/p>\n<p class=\"text-18 leading-17\">Als die Feuerwehr eintraf, h\u00e4tten die Menschen das Restaurant bereits eigenst\u00e4ndig verlassen. Sie seien vor\u00fcbergehend in einem Bus der Dresdner Verkehrsbetriebe untergebracht worden. Der reizgasartige Stoff habe nicht mehr nachgewiesen werden k\u00f6nnen.<\/p>\n<p class=\"text-18 leading-17\">Von den 24 Menschen, die rettungsdienstlich untersucht wurden, mussten laut Feuerwehr mehrere Betroffene not\u00e4rztlich behandelt werden. Ein Transport in die Kliniken sei allerdings nicht mehr notwendig gewesen.<\/p>\n<p class=\"text-18 leading-17\">Das Restaurant wurde von der Feuerwehr anschlie\u00dfend bel\u00fcftet. Die Feuerwehr war nach eigenen Angaben mit rund 90 Einsatzkr\u00e4ften vor Ort.<\/p>\n<p class=\"text-18 leading-17\">Die Polizei hat die Ermittlungen zu dem Vorfall aufgenommen. Sie pr\u00fcft auch, ob es einen Zusammenhang zu einem Reizgas-Angriff zwei Abende zuvor im Stadtteil Gorbitz gibt.<\/p>\n<p class=\"text-18 leading-17\">Dort war es in einem Lokal zu einem \u00e4hnlichen Vorfall gekommen. Vor Ort wurden f\u00fcnf Personen als verletzt gemeldet und rettungsdienstlich versorgt. Eine Person wurde ins Krankenhaus gebracht. <a class=\"transition-colors duration-200 cursor-pointer text-inherit no-underline text-salemsfur md:hover:text-magenta md:hover:border-magenta md:focus:text-magenta border-current border-b border-solid break-words\" href=\"https:\/\/dresden.t-online.de\/region\/dresden\/id_101085484\/dresden-karree-grosseinsatz-nach-reizgas-angriff-im-cafe-heinz-in-gorbitz.html\" data-sctrack=\"BodyAnchor\" rel=\"nofollow noopener\" target=\"_blank\">Hier gibt es<\/a> mehr Informationen dazu.<\/p>\n","protected":false},"excerpt":{"rendered":"24 Menschen medizinisch versorgt Innerhalb weniger Tage: Wieder Reizgas-Angriff auf Restaurant 18.01.2026 &#8211; 08:09 UhrLesedauer: 2 Min. Rettungskr\u00e4fte&hellip;\n","protected":false},"author":2,"featured_media":727516,"comment_status":"","ping_status":"","sticky":false,"template":"","format":"standard","meta":{"footnotes":"","_share_on_mastodon":"0"},"categories":[1835],"tags":[38483,3364,29,2386,10963,985,30,167169,121,1598,2843,859],"class_list":["post-727515","post","type-post","status-publish","format-standard","has-post-thumbnail","category-dresden","tag-atemwege","tag-de","tag-deutschland","tag-dresden","tag-einsatzort","tag-feuerwehr","tag-germany","tag-niedersedlitzer-strasse","tag-polizei","tag-restaurant","tag-rettungskraft","tag-sachsen"],"share_on_mastodon":{"url":"https:\/\/pubeurope.com\/@de\/115915492226770744","error":""},"_links":{"self":[{"href":"https:\/\/www.europesays.com\/de\/wp-json\/wp\/v2\/posts\/727515","targetHints":{"allow":["GET"]}}],"collection":[{"href":"https:\/\/www.europesays.com\/de\/wp-json\/wp\/v2\/posts"}],"about":[{"href":"https:\/\/www.europesays.com\/de\/wp-json\/wp\/v2\/types\/post"}],"author":[{"embeddable":true,"href":"https:\/\/www.europesays.com\/de\/wp-json\/wp\/v2\/users\/2"}],"replies":[{"embeddable":true,"href":"https:\/\/www.europesays.com\/de\/wp-json\/wp\/v2\/comments?post=727515"}],"version-history":[{"count":0,"href":"https:\/\/www.europesays.com\/de\/wp-json\/wp\/v2\/posts\/727515\/revisions"}],"wp:featuredmedia":[{"embeddable":true,"href":"https:\/\/www.europesays.com\/de\/wp-json\/wp\/v2\/media\/727516"}],"wp:attachment":[{"href":"https:\/\/www.europesays.com\/de\/wp-json\/wp\/v2\/media?parent=727515"}],"wp:term":[{"taxonomy":"category","embeddable":true,"href":"https:\/\/www.europesays.com\/de\/wp-json\/wp\/v2\/categories?post=727515"},{"taxonomy":"post_tag","embeddable":true,"href":"https:\/\/www.europesays.com\/de\/wp-json\/wp\/v2\/tags?post=727515"}],"curies":[{"name":"wp","href":"https:\/\/api.w.org\/{rel}","templated":true}]}}