{"id":727819,"date":"2026-01-18T12:46:19","date_gmt":"2026-01-18T12:46:19","guid":{"rendered":"https:\/\/www.europesays.com\/de\/727819\/"},"modified":"2026-01-18T12:46:19","modified_gmt":"2026-01-18T12:46:19","slug":"drei-verletzte-bei-unfall-mit-lieferwagen-an-der-rossstrasse","status":"publish","type":"post","link":"https:\/\/www.europesays.com\/de\/727819\/","title":{"rendered":"Drei Verletzte bei Unfall mit Lieferwagen an der Ro\u00dfstra\u00dfe"},"content":{"rendered":"<p class=\"text_ohne_einzug richtext text-em-55 !leading-serif mx-6 desktop:mx-0\"> Drei Personen wurden bei einem Unfall am Samstagnachmittag leicht verletzt. Der Unfall ereignete sich gegen 14.30 Uhr auf der Ro\u00dfstra\u00dfe in Golzheim, es kam zu einem l\u00e4ngeren Einsatz von <a href=\"https:\/\/rp-online.de\/thema\/polizei\/\" target=\"_blank\" rel=\"noopener\">Polizei<\/a> und Feuerwehr.<\/p>\n<p class=\"richtext text-em-55 !leading-serif mx-6 desktop:mx-0\">Der Transporter eines Lieferdienstes wollte aus der Seydlitzstra\u00dfe nach rechts auf die Ro\u00dfstra\u00dfe abbiegen, teilte ein Polizeisprecher mit. Dabei habe er einen Kleinwagen \u00fcbersehen, beide Wagen seien zusammengeprallt und anschlie\u00dfend nicht mehr fahrt\u00fcchtig gewesen. Ein Abschleppdienst habe eines der Fahrzeuge abholen m\u00fcssen. Der Fahrer des Lieferfahrzeugs wurde leicht verletzt, ebenso die zwei Insassen des Kleinwagens.<\/p>\n<p class=\"richtext text-em-55 !leading-serif mx-6 desktop:mx-0\">W\u00e4hrend des Einsatzes von Polizei und Rettungsdienst war die Ro\u00dfstra\u00dfe in Richtung Stadtmitte nur noch einspurig befahrbar. Es sei zu leichten Beeintr\u00e4chtigungen des Verkehrs gekommen, auch f\u00fcr Busse der Rheinbahn, so die Polizei.<\/p>\n","protected":false},"excerpt":{"rendered":"Drei Personen wurden bei einem Unfall am Samstagnachmittag leicht verletzt. Der Unfall ereignete sich gegen 14.30 Uhr auf&hellip;\n","protected":false},"author":2,"featured_media":727820,"comment_status":"","ping_status":"","sticky":false,"template":"","format":"standard","meta":{"footnotes":""},"categories":[1831],"tags":[3364,29,3405,167206,30,24542,167207,64782,1209,23148,4102,167205,40089,1284,5185,24134],"class_list":{"0":"post-727819","1":"post","2":"type-post","3":"status-publish","4":"format-standard","5":"has-post-thumbnail","7":"category-duesseldorf","8":"tag-de","9":"tag-deutschland","10":"tag-duesseldorf","11":"tag-fahrtuechtig","12":"tag-germany","13":"tag-kleinwagen","14":"tag-kleinwagens","15":"tag-lieferwagen","16":"tag-nordrhein-westfalen","17":"tag-personen","18":"tag-rheinbahn","19":"tag-rossstrasse","20":"tag-samstagnachmittag","21":"tag-unfall","22":"tag-verletzt","23":"tag-wagen"},"share_on_mastodon":{"url":"https:\/\/pubeurope.com\/@de\/115916176541592743","error":""},"_links":{"self":[{"href":"https:\/\/www.europesays.com\/de\/wp-json\/wp\/v2\/posts\/727819","targetHints":{"allow":["GET"]}}],"collection":[{"href":"https:\/\/www.europesays.com\/de\/wp-json\/wp\/v2\/posts"}],"about":[{"href":"https:\/\/www.europesays.com\/de\/wp-json\/wp\/v2\/types\/post"}],"author":[{"embeddable":true,"href":"https:\/\/www.europesays.com\/de\/wp-json\/wp\/v2\/users\/2"}],"replies":[{"embeddable":true,"href":"https:\/\/www.europesays.com\/de\/wp-json\/wp\/v2\/comments?post=727819"}],"version-history":[{"count":0,"href":"https:\/\/www.europesays.com\/de\/wp-json\/wp\/v2\/posts\/727819\/revisions"}],"wp:featuredmedia":[{"embeddable":true,"href":"https:\/\/www.europesays.com\/de\/wp-json\/wp\/v2\/media\/727820"}],"wp:attachment":[{"href":"https:\/\/www.europesays.com\/de\/wp-json\/wp\/v2\/media?parent=727819"}],"wp:term":[{"taxonomy":"category","embeddable":true,"href":"https:\/\/www.europesays.com\/de\/wp-json\/wp\/v2\/categories?post=727819"},{"taxonomy":"post_tag","embeddable":true,"href":"https:\/\/www.europesays.com\/de\/wp-json\/wp\/v2\/tags?post=727819"}],"curies":[{"name":"wp","href":"https:\/\/api.w.org\/{rel}","templated":true}]}}