{"id":727821,"date":"2026-01-18T12:47:12","date_gmt":"2026-01-18T12:47:12","guid":{"rendered":"https:\/\/www.europesays.com\/de\/727821\/"},"modified":"2026-01-18T12:47:12","modified_gmt":"2026-01-18T12:47:12","slug":"s-bahn-in-der-region-stuttgart-defekt-an-bahnuebergang-ausfaelle-und-verspaetungen-bei-s1","status":"publish","type":"post","link":"https:\/\/www.europesays.com\/de\/727821\/","title":{"rendered":"S-Bahn in der Region Stuttgart: Defekt an Bahn\u00fcbergang \u2013 Ausf\u00e4lle und Versp\u00e4tungen bei S1"},"content":{"rendered":"<p>\t\t\t\t\t\t\t\t\t\t\t\t\t\t\t\t\t\t\t\t\t\t\t\t\t\t\t\t      \t\t            \t\t             \t\t\t\t   \t\t\t\t\t   <img decoding=\"async\" id=\"article-image\" fetchpriority=\"high\" alt=\"S-Bahn in der Region Stuttgart: Defekt an Bahn\u00fcbergang \u2013 Ausf\u00e4lle und Versp\u00e4tungen bei S1\" title=\"S-Bahn in der Region Stuttgart: Defekt an Bahn\u00fcbergang \u2013 Ausf\u00e4lle und Versp\u00e4tungen bei S1\" src=\"https:\/\/www.europesays.com\/de\/wp-content\/uploads\/2026\/01\/media.media.347d7139-1eec-4f29-bd83-c05b45dd3e55.16x9_700.jpg\" data-linkto=\"https:\/\/www.stuttgarter-nachrichten.de\/javascript:void(0);\"\/>\t\t\t\t\t\t\t\t\t\t\t\t\t\t\t\t\t\t\t\t\t\t\t\tDie S-Bahnen der Linie S1 sind betroffen. (Archivfoto)\u00a0Foto: imago images\/Arnulf Hettrich\t\t\t<\/p>\n<p>Wegen eines Defekts an einem Bahn\u00fcbergang in Wendlingen kommt es am Sonntagmorgen zu Ausf\u00e4llen und Versp\u00e4tungen bei den S-Bahnen der Linie S1. Worauf sich Fahrg\u00e4ste einstellen m\u00fcssen.<\/p>\n<p>Zu Versp\u00e4tungen und Ausf\u00e4llen kommt es am Sonntagmorgen auf der Strecke der S-Bahnlinie S1 zwischen Herrenberg und Kirchheim\/Teck. Grund daf\u00fcr ist ein <a href=\"https:\/\/www.stuttgarter-nachrichten.de\/thema\/Defekt\" title=\"Defekt\" class=\"art_thema\" rel=\"nofollow noopener\" target=\"_blank\">Defekt<\/a> an einem Bahn\u00fcbergang in <a href=\"https:\/\/www.stuttgarter-nachrichten.de\/thema\/Wendlingen\" title=\"Wendlingen\" class=\"art_thema\" rel=\"nofollow noopener\" target=\"_blank\">Wendlingen<\/a> (Kreis Esslingen). Das teilt die <a href=\"https:\/\/www.stuttgarter-nachrichten.de\/thema\/S-Bahn_Stuttgart\" title=\"S-Bahn Stuttgart\" class=\"art_thema\" rel=\"nofollow noopener\" target=\"_blank\">S-Bahn Stuttgart<\/a> auf ihrem X-Account mit. Techniker seien vor Ort, um das Problem zu beheben.<\/p>\n<p>Wie viele S-Bahnen welcher Linie aktuell versp\u00e4tet sind oder ausfallen, zeigt unsere Tabelle. Wir werten daf\u00fcr Echtzeitdaten aus, die Tabelle aktualisiert sich automatisch alle zehn Minuten. Klicken Sie auf eine der Linien, um Details zu erfahren:<\/p>\n<p>Fahrg\u00e4ste werden gebeten, ihre Reise vor Fahrtantritt online zu \u00fcberpr\u00fcfen und auf die Durchsagen und Anzeigen am Bahnsteig zu achten.<\/p>\n","protected":false},"excerpt":{"rendered":"Die S-Bahnen der Linie S1 sind betroffen. (Archivfoto)\u00a0Foto: imago images\/Arnulf Hettrich Wegen eines Defekts an einem Bahn\u00fcbergang in&hellip;\n","protected":false},"author":2,"featured_media":727822,"comment_status":"","ping_status":"","sticky":false,"template":"","format":"standard","meta":{"footnotes":"","_share_on_mastodon":"0"},"categories":[1830],"tags":[1634,3364,9037,29,30,8781,6597,3438,5721,17768,1441,8555,18193],"class_list":["post-727821","post","type-post","status-publish","format-standard","has-post-thumbnail","category-stuttgart","tag-baden-wuerttemberg","tag-de","tag-defekt","tag-deutschland","tag-germany","tag-grafik","tag-infografik","tag-landkreis-esslingen","tag-s-bahn-stuttgart","tag-s1","tag-stuttgart","tag-tabelle","tag-wendlingen"],"share_on_mastodon":{"url":"https:\/\/pubeurope.com\/@de\/115916180445403147","error":""},"_links":{"self":[{"href":"https:\/\/www.europesays.com\/de\/wp-json\/wp\/v2\/posts\/727821","targetHints":{"allow":["GET"]}}],"collection":[{"href":"https:\/\/www.europesays.com\/de\/wp-json\/wp\/v2\/posts"}],"about":[{"href":"https:\/\/www.europesays.com\/de\/wp-json\/wp\/v2\/types\/post"}],"author":[{"embeddable":true,"href":"https:\/\/www.europesays.com\/de\/wp-json\/wp\/v2\/users\/2"}],"replies":[{"embeddable":true,"href":"https:\/\/www.europesays.com\/de\/wp-json\/wp\/v2\/comments?post=727821"}],"version-history":[{"count":0,"href":"https:\/\/www.europesays.com\/de\/wp-json\/wp\/v2\/posts\/727821\/revisions"}],"wp:featuredmedia":[{"embeddable":true,"href":"https:\/\/www.europesays.com\/de\/wp-json\/wp\/v2\/media\/727822"}],"wp:attachment":[{"href":"https:\/\/www.europesays.com\/de\/wp-json\/wp\/v2\/media?parent=727821"}],"wp:term":[{"taxonomy":"category","embeddable":true,"href":"https:\/\/www.europesays.com\/de\/wp-json\/wp\/v2\/categories?post=727821"},{"taxonomy":"post_tag","embeddable":true,"href":"https:\/\/www.europesays.com\/de\/wp-json\/wp\/v2\/tags?post=727821"}],"curies":[{"name":"wp","href":"https:\/\/api.w.org\/{rel}","templated":true}]}}