{"id":728204,"date":"2026-01-18T16:18:21","date_gmt":"2026-01-18T16:18:21","guid":{"rendered":"https:\/\/www.europesays.com\/de\/728204\/"},"modified":"2026-01-18T16:18:21","modified_gmt":"2026-01-18T16:18:21","slug":"geht-andreas-pamp-nach-bochum","status":"publish","type":"post","link":"https:\/\/www.europesays.com\/de\/728204\/","title":{"rendered":"Geht Andreas Pamp nach Bochum?"},"content":{"rendered":"<p class=\"text_ohne_einzug richtext text-em-55 !leading-serif mx-6 desktop:mx-0\">Andreas Pamp, Leiter des Krefelder Fachbereichs f\u00fcr Migration und Integration, steht offenbar vor einem Wechsel nach Bochum. Denn in der 360\u2005000-Einwohner-Stadt ist er als neuer Leiter des Sozialamtes im Gespr\u00e4ch. Diese Stelle ist vakant, seit der bisherige Amtsinhaber Jens Vieting im September 2025 Dezernent f\u00fcr Jugend, Soziales, Arbeit und Gesundheit geworden ist. Das Sozialamt leitet er bisher zus\u00e4tzlich.<\/p>\n","protected":false},"excerpt":{"rendered":"Andreas Pamp, Leiter des Krefelder Fachbereichs f\u00fcr Migration und Integration, steht offenbar vor einem Wechsel nach Bochum. Denn&hellip;\n","protected":false},"author":2,"featured_media":728205,"comment_status":"","ping_status":"","sticky":false,"template":"","format":"standard","meta":{"footnotes":""},"categories":[1839],"tags":[12092,18412,7507,52032,3364,29,70906,167260,167259,30,3659,3479,34789,382,1209,167258,17185,5421,105521],"class_list":{"0":"post-728204","1":"post","2":"type-post","3":"status-publish","4":"format-standard","5":"has-post-thumbnail","7":"category-bochum","8":"tag-andreas","9":"tag-bereich","10":"tag-bochum","11":"tag-bochumer","12":"tag-de","13":"tag-deutschland","14":"tag-fachbereich","15":"tag-fachbereichsleiter","16":"tag-gemeinschaftsstelle","17":"tag-germany","18":"tag-integration","19":"tag-krefeld","20":"tag-leiter","21":"tag-migration","22":"tag-nordrhein-westfalen","23":"tag-pamp","24":"tag-stelle","25":"tag-wechsel","26":"tag-wechselte"},"share_on_mastodon":{"url":"https:\/\/pubeurope.com\/@de\/115917010067429435","error":""},"_links":{"self":[{"href":"https:\/\/www.europesays.com\/de\/wp-json\/wp\/v2\/posts\/728204","targetHints":{"allow":["GET"]}}],"collection":[{"href":"https:\/\/www.europesays.com\/de\/wp-json\/wp\/v2\/posts"}],"about":[{"href":"https:\/\/www.europesays.com\/de\/wp-json\/wp\/v2\/types\/post"}],"author":[{"embeddable":true,"href":"https:\/\/www.europesays.com\/de\/wp-json\/wp\/v2\/users\/2"}],"replies":[{"embeddable":true,"href":"https:\/\/www.europesays.com\/de\/wp-json\/wp\/v2\/comments?post=728204"}],"version-history":[{"count":0,"href":"https:\/\/www.europesays.com\/de\/wp-json\/wp\/v2\/posts\/728204\/revisions"}],"wp:featuredmedia":[{"embeddable":true,"href":"https:\/\/www.europesays.com\/de\/wp-json\/wp\/v2\/media\/728205"}],"wp:attachment":[{"href":"https:\/\/www.europesays.com\/de\/wp-json\/wp\/v2\/media?parent=728204"}],"wp:term":[{"taxonomy":"category","embeddable":true,"href":"https:\/\/www.europesays.com\/de\/wp-json\/wp\/v2\/categories?post=728204"},{"taxonomy":"post_tag","embeddable":true,"href":"https:\/\/www.europesays.com\/de\/wp-json\/wp\/v2\/tags?post=728204"}],"curies":[{"name":"wp","href":"https:\/\/api.w.org\/{rel}","templated":true}]}}