{"id":728734,"date":"2026-01-18T21:10:35","date_gmt":"2026-01-18T21:10:35","guid":{"rendered":"https:\/\/www.europesays.com\/de\/728734\/"},"modified":"2026-01-18T21:10:35","modified_gmt":"2026-01-18T21:10:35","slug":"waldemar-otto-stille-figuren-gegen-den-zeitgeist","status":"publish","type":"post","link":"https:\/\/www.europesays.com\/de\/728734\/","title":{"rendered":"Waldemar Otto: Stille Figuren gegen den Zeitgeist"},"content":{"rendered":"<p>Waldemar Otto war pr\u00e4sent und geachtet. Seine Skulpturen erz\u00e4hlen von Beharrlichkeit und Widerstand. Doch das Werk verschwand aus dem Kanon \u2013 nicht avantgardistisch. Eine Auktion wirft die Frage auf, wie viel Fortschritt die Kunstgeschichte eigentlich vertr\u00e4gt.<\/p>\n<p class=\"is-first-paragraph\" data-external=\"Article.FirstParagraph\">Die Wege der Kunst durchs 20. Jahrhundert sind voller Strategien. Die einen sind auf Prachtstra\u00dfen spaziert, andere haben sich durch die verzweigten Avantgarden gek\u00e4mpft, manche sind im selbst gew\u00e4hlten Abseits geblieben. Man kann nicht sagen, dass der Bildhauer Waldemar Otto keine Aufmerksamkeit, kein Ansehen, kein Publikum gehabt h\u00e4tte.<\/p>\n<p>Aber <a class=\"is-link c-block-items__link is-external c-link--rich-text-renderer\" href=\"https:\/\/www.tagesspiegel.de\/kultur\/nichts-geht-uber-das-gegenstandliche-4168297.html\" target=\"_blank\" title=\"(Link wird in einem neuen Tab ge\u00f6ffnet)\" rel=\"nofollow noopener\" data-internal-tracking-enabled=\"true\" data-internal-tracking=\"{&quot;action&quot;:&quot;click&quot;,&quot;label&quot;:&quot;link&quot;,&quot;name&quot;:&quot;Inline Element&quot;,&quot;data&quot;:{&quot;source&quot;:&quot;&quot;,&quot;target&quot;:&quot;https:\/\/www.tagesspiegel.de\/kultur\/nichts-geht-uber-das-gegenstandliche-4168297.html&quot;,&quot;trackingName&quot;:&quot;&quot;,&quot;trackingLabel&quot;:&quot;&quot;}}\">als er im Jahr 2020 verstarb<\/a>, war es doch nur eine kleine Schar von Kennern, die sich an das verbliebene Werk erinnerte. Zu bescheiden f\u00fcgt sich das klassische Figurenthema des 1929 als Sohn des deutschen Pfarrers im polnischen Piotrk\u00f3w Trybunalski geborenen, 1945 geflohenen, in Berlin ausgebildeten und lange in Worpswede lebenden K\u00fcnstlers in die Szenerie best\u00e4ndiger Neubegr\u00fcndungen, in denen die Kunst ihre Gegenw\u00e4rtigkeit, ihre Aktualit\u00e4t erlebt. F\u00fcr Waldemar Otto war die uralte <a class=\"is-link c-block-items__link c-link--rich-text-renderer\" href=\"https:\/\/www.welt.de\/kultur\/article69419faed8f9059f60ab1ffb\/kulturelles-armutszeugnis-die-bildende-kunst-will-heute-lieber-denken-als-erzaehlen.html\" data-internal-tracking-enabled=\"true\" data-internal-tracking=\"{&quot;action&quot;:&quot;click&quot;,&quot;label&quot;:&quot;link&quot;,&quot;name&quot;:&quot;Inline Element&quot;,&quot;data&quot;:{&quot;source&quot;:&quot;&quot;,&quot;target&quot;:&quot;https:\/\/www.welt.de\/kultur\/article69419faed8f9059f60ab1ffb\/kulturelles-armutszeugnis-die-bildende-kunst-will-heute-lieber-denken-als-erzaehlen.html&quot;,&quot;trackingName&quot;:&quot;&quot;,&quot;trackingLabel&quot;:&quot;&quot;}}\" rel=\"nofollow noopener\" target=\"_blank\">K\u00fcnstlervision vom nachsp\u00fcrenden Sch\u00f6pfungsakt<\/a>, von der Bildung des m\u00e4nnlichen oder weiblichen K\u00f6rpers noch l\u00e4ngst nicht abgetan.<\/p>\n<p>G\u00e4nzlich unbeeindruckt von den raschen Kulissenwechseln seiner visuellen Umwelt arbeitete er an seinen \u201eTorsi\u201c, an seinen stehenden und liegenden Figuren, bedachte mit knappsten Mitteln ihre Situation im Raum und schuf so ein Werk, das mit unbeirrbarer Abst\u00e4ndigkeit dem Kampf um die Figurenreste zusah, in dem die Moderne ihre Triumphe erlebt hat. Dass einer in den sp\u00e4ten 1950er-Jahren, als die Kunstwelt zwischen informeller Gestik, Zero-Bewegung und erstem amerikanischem Pop-Realismus in Aufruhr war, eine \u201eFigure in Space\u201c formt, die in ihrem Drahtger\u00fcst zu schweben scheint, das verr\u00e4t allen Willen zur trotzigen Eigenst\u00e4ndigkeit.<\/p>\n<p>Es hat so nicht ausbleiben k\u00f6nnen, dass Waldemar Ottos figurale Ideen im Panorama der Zeitkunst zwar immer mitgenannt wurden, aber im Ausstellungsbetrieb kaum eine Rolle spielten. Wenn \u00fcberhaupt, dann ist das Werk vorrangig durch Beitr\u00e4ge zur Kunst im \u00f6ffentlichen Raum bekannt und dort wom\u00f6glich auch popul\u00e4r geworden. Zu nennen w\u00e4re der \u201eNeptunbrunnen\u201c auf dem Domshof in Bremen, das \u201eMahnmal zum Gedenken an alle Opfer des Nationalsozialismus\u201c in Bremerhaven oder das \u201eHeinrich-Heine-Denkmal\u201c in Hamburg. Alles Beispiele f\u00fcr stille Konzentration auf die Aufgabe ohne alle optischen Geschmacksverst\u00e4rker. Gr\u00f6\u00dfere Ausstellungen waren selten, zur veritablen Retrospektive ist es nie gekommen.<\/p>\n<p>Noch immer also ist Waldemar Otto zu erkunden. Wie so manche seiner Kollegen, die ihre k\u00fcnstlerische Arbeit zuallererst aus der Tradition begr\u00fcndet haben. Auch das w\u00e4re mal eine Kunstgeschichte, die noch nicht geschrieben ist: ein Kompendium der absichtsvollen Fortschrittsverweigerung. Es ist sehr zu w\u00fcrdigen, dass nun das <a class=\"is-link c-block-items__link is-external c-link--rich-text-renderer\" href=\"https:\/\/www.van-ham.com\/de\/a544-waldemar-otto-bronzen.html\" target=\"_blank\" title=\"(Link wird in einem neuen Tab ge\u00f6ffnet)\" rel=\"nofollow noopener\" data-internal-tracking-enabled=\"true\" data-internal-tracking=\"{&quot;action&quot;:&quot;click&quot;,&quot;label&quot;:&quot;link&quot;,&quot;name&quot;:&quot;Inline Element&quot;,&quot;data&quot;:{&quot;source&quot;:&quot;&quot;,&quot;target&quot;:&quot;https:\/\/www.van-ham.com\/de\/a544-waldemar-otto-bronzen.html&quot;,&quot;trackingName&quot;:&quot;&quot;,&quot;trackingLabel&quot;:&quot;&quot;}}\">K\u00f6lner Auktionshaus Van Ham<\/a> mit einer ergiebigen Werkstrecke an den fast vergessenen Bildhauer erinnert.<\/p>\n<p>Zur Auktion am 29. Januar 2026 kommen haupts\u00e4chlich Arbeiten der mittleren und sp\u00e4ten Werkperiode, wobei allenfalls Temperamentsunterschiede auffallen. Von Entwicklung k\u00f6nnte man so wenig reden wie von einem Altersstil. Otto hatte sich fr\u00fch gefunden, und die im Raum schwebende Figur ist sp\u00e4ter sanft gelandet und hat Bodenfestigkeit angenommen, aber ihren chiffrenhaften K\u00f6rper hat sie behalten. Und auch dar\u00fcber lie\u00dfe sich einmal nachdenken, wie es einem Figurenbildhauer gelingen konnte, seine Gesichter ausdruckslos wie hinter dichten Vorh\u00e4ngen zu verstecken, w\u00e4hrend die K\u00f6rperhaltungen oft angespannte Expressionen verraten.<\/p>\n<p>Zur Versteigerung kommen 50 Skulpturen aus dem Nachlass, die von einem ausf\u00fchrlich dokumentierenden Katalog begleitet werden. Keine schlechten Voraussetzungen f\u00fcr die Wiederentdeckung dieses Werks. <\/p>\n","protected":false},"excerpt":{"rendered":"Waldemar Otto war pr\u00e4sent und geachtet. Seine Skulpturen erz\u00e4hlen von Beharrlichkeit und Widerstand. Doch das Werk verschwand aus&hellip;\n","protected":false},"author":2,"featured_media":728735,"comment_status":"","ping_status":"","sticky":false,"template":"","format":"standard","meta":{"footnotes":"","_share_on_mastodon":"0"},"categories":[1775],"tags":[1793,7288,16076,85461,29,214,30,167398,1794,2148,19709,145157,215,167399,167397],"class_list":["post-728734","post","type-post","status-publish","format-standard","has-post-thumbnail","category-kunst-und-design","tag-art-and-design","tag-auktionen","tag-bildende-kunst","tag-bildhauerei-ks","tag-deutschland","tag-entertainment","tag-germany","tag-kunst-im-oeffentlichen-raum-ks","tag-kunst-und-design","tag-kunsthandel","tag-otto","tag-skulpturen-ks","tag-unterhaltung","tag-van-ham","tag-waldemar"],"share_on_mastodon":{"url":"https:\/\/pubeurope.com\/@de\/115918158099648041","error":""},"_links":{"self":[{"href":"https:\/\/www.europesays.com\/de\/wp-json\/wp\/v2\/posts\/728734","targetHints":{"allow":["GET"]}}],"collection":[{"href":"https:\/\/www.europesays.com\/de\/wp-json\/wp\/v2\/posts"}],"about":[{"href":"https:\/\/www.europesays.com\/de\/wp-json\/wp\/v2\/types\/post"}],"author":[{"embeddable":true,"href":"https:\/\/www.europesays.com\/de\/wp-json\/wp\/v2\/users\/2"}],"replies":[{"embeddable":true,"href":"https:\/\/www.europesays.com\/de\/wp-json\/wp\/v2\/comments?post=728734"}],"version-history":[{"count":0,"href":"https:\/\/www.europesays.com\/de\/wp-json\/wp\/v2\/posts\/728734\/revisions"}],"wp:featuredmedia":[{"embeddable":true,"href":"https:\/\/www.europesays.com\/de\/wp-json\/wp\/v2\/media\/728735"}],"wp:attachment":[{"href":"https:\/\/www.europesays.com\/de\/wp-json\/wp\/v2\/media?parent=728734"}],"wp:term":[{"taxonomy":"category","embeddable":true,"href":"https:\/\/www.europesays.com\/de\/wp-json\/wp\/v2\/categories?post=728734"},{"taxonomy":"post_tag","embeddable":true,"href":"https:\/\/www.europesays.com\/de\/wp-json\/wp\/v2\/tags?post=728734"}],"curies":[{"name":"wp","href":"https:\/\/api.w.org\/{rel}","templated":true}]}}